{"id":5577,"date":"2016-06-20T18:26:46","date_gmt":"2016-06-20T21:26:46","guid":{"rendered":"https:\/\/eldiariodesanpedro.com.ar\/sitio\/?p=5577"},"modified":"2016-06-20T18:26:46","modified_gmt":"2016-06-20T21:26:46","slug":"dos-menores-protagonizaron-un-siniestro-con-su-moto-contra-un-auto","status":"publish","type":"post","link":"https:\/\/eldiariodesanpedro.com.ar\/sitio\/dos-menores-protagonizaron-un-siniestro-con-su-moto-contra-un-auto\/","title":{"rendered":"Dos menores protagonizaron un siniestro con su moto contra un auto"},"content":{"rendered":"<p><!-- VideographyWP Plugin Message: Automatic video embedding prevented by plugin options. --><br \/>\nEl incidente de tr\u00e1nsito se produjo durante la madrugada del s\u00e1bado, cerca de las 04:30 hs. en calle Pellegrini y Novillo. Un autom\u00f3vil marca Vw Gol conducido por un joven de 20 a\u00f1os y un ciclomotor marca Corven 110 en la que se dirig\u00eda un menor de 17 a\u00f1os de edad, acompa\u00f1ada por una ni\u00f1a de 14 a\u00f1os.<br \/>\nA ra\u00edz del impacto ambos ocupantes del rodado menor sufrieron lesiones, siendo trasladados al Hospital local. All\u00ed se pudo determinar que fueron de car\u00e1cter leves los golpes sufridos.<br \/>\nSe labraron actuaciones con intervenci\u00f3n de la UFI Nro. 11 San Pedro.<\/p>\n","protected":false},"excerpt":{"rendered":"<p>El incidente de tr\u00e1nsito se produjo durante la madrugada del s\u00e1bado, cerca de las 04:30 hs. en calle Pellegrini y Novillo. Un autom\u00f3vil marca Vw Gol conducido por un joven de 20 a\u00f1os y un ciclomotor marca Corven 110 en la que se dirig\u00eda un menor de 17 a\u00f1os de edad, acompa\u00f1ada por una ni\u00f1a [&hellip;]<\/p>\n","protected":false},"author":4,"featured_media":5123,"comment_status":"open","ping_status":"closed","sticky":false,"template":"","format":"standard","meta":{"om_disable_all_campaigns":false,"_jetpack_memberships_contains_paid_content":false,"footnotes":""},"categories":[2,103],"tags":[],"class_list":["post-5577","post","type-post","status-publish","format-standard","has-post-thumbnail","hentry","category-locales","category-policiales-locales"],"aioseo_notices":[],"gutentor_comment":0,"jetpack_featured_media_url":"https:\/\/eldiariodesanpedro.com.ar\/sitio\/wp-content\/uploads\/2016\/06\/PAGINA-3-01.jpg","jetpack_shortlink":"https:\/\/wp.me\/p6RhLt-1rX","jetpack_sharing_enabled":true,"_links":{"self":[{"href":"https:\/\/eldiariodesanpedro.com.ar\/sitio\/wp-json\/wp\/v2\/posts\/5577","targetHints":{"allow":["GET"]}}],"collection":[{"href":"https:\/\/eldiariodesanpedro.com.ar\/sitio\/wp-json\/wp\/v2\/posts"}],"about":[{"href":"https:\/\/eldiariodesanpedro.com.ar\/sitio\/wp-json\/wp\/v2\/types\/post"}],"author":[{"embeddable":true,"href":"https:\/\/eldiariodesanpedro.com.ar\/sitio\/wp-json\/wp\/v2\/users\/4"}],"replies":[{"embeddable":true,"href":"https:\/\/eldiariodesanpedro.com.ar\/sitio\/wp-json\/wp\/v2\/comments?post=5577"}],"version-history":[{"count":1,"href":"https:\/\/eldiariodesanpedro.com.ar\/sitio\/wp-json\/wp\/v2\/posts\/5577\/revisions"}],"predecessor-version":[{"id":5578,"href":"https:\/\/eldiariodesanpedro.com.ar\/sitio\/wp-json\/wp\/v2\/posts\/5577\/revisions\/5578"}],"wp:featuredmedia":[{"embeddable":true,"href":"https:\/\/eldiariodesanpedro.com.ar\/sitio\/wp-json\/wp\/v2\/media\/5123"}],"wp:attachment":[{"href":"https:\/\/eldiariodesanpedro.com.ar\/sitio\/wp-json\/wp\/v2\/media?parent=5577"}],"wp:term":[{"taxonomy":"category","embeddable":true,"href":"https:\/\/eldiariodesanpedro.com.ar\/sitio\/wp-json\/wp\/v2\/categories?post=5577"},{"taxonomy":"post_tag","embeddable":true,"href":"https:\/\/eldiariodesanpedro.com.ar\/sitio\/wp-json\/wp\/v2\/tags?post=5577"}],"curies":[{"name":"wp","href":"https:\/\/api.w.org\/{rel}","templated":true}]}}