{"id":55753,"date":"2019-07-06T12:03:34","date_gmt":"2019-07-06T15:03:34","guid":{"rendered":"https:\/\/eldiariodesanpedro.com.ar\/sitio\/?p=55753"},"modified":"2019-07-06T12:03:39","modified_gmt":"2019-07-06T15:03:39","slug":"campana-celebra-su-134-aniversario-con-multiples-eventos-culturales","status":"publish","type":"post","link":"https:\/\/eldiariodesanpedro.com.ar\/sitio\/campana-celebra-su-134-aniversario-con-multiples-eventos-culturales\/","title":{"rendered":"Campana celebra su 134\u00b0 aniversario con m\u00faltiples eventos culturales"},"content":{"rendered":"<!-- VideographyWP Plugin Message: Automatic video embedding prevented by plugin options. -->\n\n<p>\n\nLos festejos comenzar\u00e1n el s\u00e1bado y se extender\u00e1n hasta el martes. El musical \u201cCampana, una historia de inmigrantes\u201d y un festival art\u00edstico que tendr\u00e1 lugar en el Parque Urbano, son algunas de las propuestas gratuitas que lanz\u00f3 el Municipio para disfrutar en familia.<\/p>\n\n\n\n<p>Este fin de semana largo, la ciudad celebrar\u00e1 el aniversario N\u00ba 134 de su creaci\u00f3n con m\u00faltiples actividades culturales impulsadas desde la Jefatura de Gabinete y la Secretar\u00eda de Comunicaci\u00f3n del Municipio.<\/p>\n\n\n\n<p>As\u00ed lo anunci\u00f3 hoy la jefa de Gabinete, Mariela Schvartz, quien en conferencia de prensa destac\u00f3 que habr\u00e1 diversas propuestas pensadas para que los vecinos puedan disfrutar en familia.<\/p>\n\n\n\n<p>Bajo el lema \u201cCampana celebra a Campana\u201d, las cuatro jornadas contar\u00e1n con teatro, m\u00fasica, baile, historia, arte y juegos, entre otros atractivos que estar\u00e1n dispuestos en distintos puntos emblem\u00e1ticos de la ciudad.<\/p>\n\n\n\n<p>En este sentido, Schvartz enfatiz\u00f3 que \u201cme llena de satisfacci\u00f3n generar estos espacios de esparcimientos para que los vecinos festejen un nuevo aniversario de Campana y disfruten de un fin de semana distinto repleto de ofertas culturales gratuitas\u201d.<\/p>\n\n\n\n<p>LAS PROPUESTAS&nbsp;<br>Desde el Municipio detallaron la grilla de actividades previstas:<\/p>\n\n\n\n<p>S\u00c1BADO 6<\/p>\n\n\n\n<p>8 hs \u2013 Colocaci\u00f3n de ofrenda floral en los bustos de los hermanos Costa<br>14 a 18 hs \u2013 \u201cUna tarde hist\u00f3rica\u201d \u2013 Visita a la casa museo del pintor Ezio Mollo (Almirante Brown 238).<br>19; 21 y 22:30 hs \u2013 Se presentar\u00e1n tres funciones del musical \u201cCampana, una historia de inmigrantes\u201d en el Teatro Pedro Barbero.<\/p>\n\n\n\n<p>DOMINGO 7<\/p>\n\n\n\n<p>14 a 18 hs \u2013 \u201cUna tarde hist\u00f3rica\u201d \u2013 Visita a la casa museo del pintor Ezio Mollo (Almirante Brown 238).<br>LUNES 8<\/p>\n\n\n\n<p>13 a 19 hs \u2013 \u201cFestival Art\u00edstico\u201d en el Parque Urbano donde habr\u00e1 inflables para ni\u00f1os, taller de dibujo, shows de La Circoneta; Ritmos latinos a cargo de Walter G\u00f3mez; Danzas Varias de Claudia Giuppone; y el musical Chiquititas del elenco de Susan Amaya. El cierre estar\u00e1 a cargo de Ratola.<br>14 a 18 hs \u2013 \u201cUna tarde Hist\u00f3rica\u201d \u2013 Visita a la casa museo del pintor Ezio Mollo (Almirante Brown 238).<br>MARTES 9<\/p>\n\n\n\n<p>8 hs \u2013 Acto protocolar en el m\u00e1stil central de la Plaza Eduardo Costa<br>13 a 19 hs \u2013 segundo d\u00eda del \u201cFestival Art\u00edstico\u201d donde se presentar\u00e1n espect\u00e1culos de tango y folklore a cargo de Ver\u00f3nica Maison, Nativo, Gonzalo Cornejo, Ballet Eluney, Ballet Emanuel, Nahuel Moreira y la Banda Municipal.<br>14 a 18 hs \u2013 \u201cUna tarde hist\u00f3rica\u201d \u2013 Visita a la casa museo del pintor Ezio Mollo (Almirante Brown 238).<br>16 hs \u2013 Presentaci\u00f3n del libro \u201cAmalgama\u201d. Antolog\u00eda 24\u00ba aniversario de Campana Amanecer Literario -Biblioteca P\u00fablica Municipal (Av. Varela 750).<\/p>\n\n\n\n<p>FUNCIONES \u201cCAMPANA, UNA HISTORIA DE INMIGRANTES\u201d<br>Dado que en menos de una hora se agotaron las entradas para las primeras dos funciones del espect\u00e1culo dirigido por Hern\u00e1n Casanova y Carolina Garc\u00eda, el Municipio decidi\u00f3 agregar una tercera para el s\u00e1bado a las 22:30.<\/p>\n\n\n\n<p>Quienes quieran disfrutar de este novedoso musical que resumir\u00e1 la historia de la ciudad, podr\u00e1n retirar las entradas gratuitas este jueves en la Direcci\u00f3n de Cultura (San Mart\u00edn 373 \u2013 1\u00ba piso) a partir de las 8.<\/p>\n\n\n\n<p>Los talleristas Casanova (Comedia Musical) y Garc\u00eda (Tango) invitaron a todos a participar del espect\u00e1culo en el que \u201cvan a poder vivir una historia maravillosa\u201d, al tiempo que agradecieron al equipo del intendente Sebasti\u00e1n Abella por darles esta oportunidad de homenajear a Campana en su d\u00eda.<\/p>\n","protected":false},"excerpt":{"rendered":"<p>Los festejos comenzar\u00e1n el s\u00e1bado y se extender\u00e1n hasta el martes. El musical \u201cCampana, una historia de inmigrantes\u201d y un festival art\u00edstico que tendr\u00e1 lugar en el Parque Urbano, son algunas de las propuestas gratuitas que lanz\u00f3 el Municipio para disfrutar en familia. Este fin de semana largo, la ciudad celebrar\u00e1 el aniversario N\u00ba 134 [&hellip;]<\/p>\n","protected":false},"author":4,"featured_media":55754,"comment_status":"open","ping_status":"closed","sticky":false,"template":"","format":"standard","meta":{"om_disable_all_campaigns":false,"_jetpack_memberships_contains_paid_content":false,"footnotes":""},"categories":[621],"tags":[],"class_list":["post-55753","post","type-post","status-publish","format-standard","has-post-thumbnail","hentry","category-regionales"],"aioseo_notices":[],"gutentor_comment":0,"jetpack_featured_media_url":"https:\/\/eldiariodesanpedro.com.ar\/sitio\/wp-content\/uploads\/2019\/07\/en-conferencia-schvartz-casanova-y-garcia-dieron-detalles-de-la-propuesta.jpg","jetpack_shortlink":"https:\/\/wp.me\/p6RhLt-evf","jetpack_sharing_enabled":true,"_links":{"self":[{"href":"https:\/\/eldiariodesanpedro.com.ar\/sitio\/wp-json\/wp\/v2\/posts\/55753","targetHints":{"allow":["GET"]}}],"collection":[{"href":"https:\/\/eldiariodesanpedro.com.ar\/sitio\/wp-json\/wp\/v2\/posts"}],"about":[{"href":"https:\/\/eldiariodesanpedro.com.ar\/sitio\/wp-json\/wp\/v2\/types\/post"}],"author":[{"embeddable":true,"href":"https:\/\/eldiariodesanpedro.com.ar\/sitio\/wp-json\/wp\/v2\/users\/4"}],"replies":[{"embeddable":true,"href":"https:\/\/eldiariodesanpedro.com.ar\/sitio\/wp-json\/wp\/v2\/comments?post=55753"}],"version-history":[{"count":1,"href":"https:\/\/eldiariodesanpedro.com.ar\/sitio\/wp-json\/wp\/v2\/posts\/55753\/revisions"}],"predecessor-version":[{"id":55755,"href":"https:\/\/eldiariodesanpedro.com.ar\/sitio\/wp-json\/wp\/v2\/posts\/55753\/revisions\/55755"}],"wp:featuredmedia":[{"embeddable":true,"href":"https:\/\/eldiariodesanpedro.com.ar\/sitio\/wp-json\/wp\/v2\/media\/55754"}],"wp:attachment":[{"href":"https:\/\/eldiariodesanpedro.com.ar\/sitio\/wp-json\/wp\/v2\/media?parent=55753"}],"wp:term":[{"taxonomy":"category","embeddable":true,"href":"https:\/\/eldiariodesanpedro.com.ar\/sitio\/wp-json\/wp\/v2\/categories?post=55753"},{"taxonomy":"post_tag","embeddable":true,"href":"https:\/\/eldiariodesanpedro.com.ar\/sitio\/wp-json\/wp\/v2\/tags?post=55753"}],"curies":[{"name":"wp","href":"https:\/\/api.w.org\/{rel}","templated":true}]}}