{"id":5575,"date":"2016-06-20T18:24:43","date_gmt":"2016-06-20T21:24:43","guid":{"rendered":"https:\/\/eldiariodesanpedro.com.ar\/sitio\/?p=5575"},"modified":"2016-06-20T18:24:43","modified_gmt":"2016-06-20T21:24:43","slug":"una-ecosport-se-despisto-y-volco-en-la-ruta-9","status":"publish","type":"post","link":"https:\/\/eldiariodesanpedro.com.ar\/sitio\/una-ecosport-se-despisto-y-volco-en-la-ruta-9\/","title":{"rendered":"Una Ecosport se despist\u00f3 y volc\u00f3 en la Ruta 9"},"content":{"rendered":"<p><!-- VideographyWP Plugin Message: Automatic video embedding prevented by plugin options. --><br \/>\nEl accidente tuvo lugar el s\u00e1bado en horas de la tarde en el carril Rosario \u2013 Buenos Aires a la altura del kil\u00f3metro 176 de la Ruta 9.<br \/>\nAll\u00ed se produjo el despiste y posterior vuelco de un veh\u00edculo marca Ford modelo Ecosport, en el cual circulaban dos parejas. A ra\u00edz del vuelco los ocupantes del rodado sufrieron politraumatismos, todos de car\u00e1cter leves siendo trasladados al Hospital local.<\/p>\n","protected":false},"excerpt":{"rendered":"<p>El accidente tuvo lugar el s\u00e1bado en horas de la tarde en el carril Rosario \u2013 Buenos Aires a la altura del kil\u00f3metro 176 de la Ruta 9. All\u00ed se produjo el despiste y posterior vuelco de un veh\u00edculo marca Ford modelo Ecosport, en el cual circulaban dos parejas. A ra\u00edz del vuelco los ocupantes [&hellip;]<\/p>\n","protected":false},"author":4,"featured_media":4675,"comment_status":"open","ping_status":"closed","sticky":false,"template":"","format":"standard","meta":{"om_disable_all_campaigns":false,"_jetpack_memberships_contains_paid_content":false,"footnotes":""},"categories":[2,103],"tags":[],"class_list":["post-5575","post","type-post","status-publish","format-standard","has-post-thumbnail","hentry","category-locales","category-policiales-locales"],"aioseo_notices":[],"gutentor_comment":0,"jetpack_featured_media_url":"https:\/\/eldiariodesanpedro.com.ar\/sitio\/wp-content\/uploads\/2016\/05\/guardia.jpg","jetpack_shortlink":"https:\/\/wp.me\/p6RhLt-1rV","jetpack_sharing_enabled":true,"_links":{"self":[{"href":"https:\/\/eldiariodesanpedro.com.ar\/sitio\/wp-json\/wp\/v2\/posts\/5575","targetHints":{"allow":["GET"]}}],"collection":[{"href":"https:\/\/eldiariodesanpedro.com.ar\/sitio\/wp-json\/wp\/v2\/posts"}],"about":[{"href":"https:\/\/eldiariodesanpedro.com.ar\/sitio\/wp-json\/wp\/v2\/types\/post"}],"author":[{"embeddable":true,"href":"https:\/\/eldiariodesanpedro.com.ar\/sitio\/wp-json\/wp\/v2\/users\/4"}],"replies":[{"embeddable":true,"href":"https:\/\/eldiariodesanpedro.com.ar\/sitio\/wp-json\/wp\/v2\/comments?post=5575"}],"version-history":[{"count":1,"href":"https:\/\/eldiariodesanpedro.com.ar\/sitio\/wp-json\/wp\/v2\/posts\/5575\/revisions"}],"predecessor-version":[{"id":5576,"href":"https:\/\/eldiariodesanpedro.com.ar\/sitio\/wp-json\/wp\/v2\/posts\/5575\/revisions\/5576"}],"wp:featuredmedia":[{"embeddable":true,"href":"https:\/\/eldiariodesanpedro.com.ar\/sitio\/wp-json\/wp\/v2\/media\/4675"}],"wp:attachment":[{"href":"https:\/\/eldiariodesanpedro.com.ar\/sitio\/wp-json\/wp\/v2\/media?parent=5575"}],"wp:term":[{"taxonomy":"category","embeddable":true,"href":"https:\/\/eldiariodesanpedro.com.ar\/sitio\/wp-json\/wp\/v2\/categories?post=5575"},{"taxonomy":"post_tag","embeddable":true,"href":"https:\/\/eldiariodesanpedro.com.ar\/sitio\/wp-json\/wp\/v2\/tags?post=5575"}],"curies":[{"name":"wp","href":"https:\/\/api.w.org\/{rel}","templated":true}]}}