{"id":55749,"date":"2019-07-06T11:59:35","date_gmt":"2019-07-06T14:59:35","guid":{"rendered":"https:\/\/eldiariodesanpedro.com.ar\/sitio\/?p=55749"},"modified":"2019-07-06T11:59:40","modified_gmt":"2019-07-06T14:59:40","slug":"baradero-la-intendente-antonijevic-en-el-marcos-sastre","status":"publish","type":"post","link":"https:\/\/eldiariodesanpedro.com.ar\/sitio\/baradero-la-intendente-antonijevic-en-el-marcos-sastre\/","title":{"rendered":"BARADERO: La Intendente Antonijevic en el Marcos Sastre"},"content":{"rendered":"<!-- VideographyWP Plugin Message: Automatic video embedding prevented by plugin options. -->\n\n<p>A las 19 hs del d\u00eda jueves 4 de julio, el alumnado del I.S.D.F 115 fue citado para una charla informativa del Centro de Estudiantes, acerca de encontrar posibles soluciones al problema por la falta de calefacci\u00f3n en el edificio, justamente durante estos crudos d\u00edas de invierno, que repercuten tanto en la ense\u00f1anza como en el aprendizaje, en todos los niveles educativos, especialmente en las primeras horas de la ma\u00f1ana (nivel secundario) y las \u00faltimas horas de la noche (nivel terciario).<\/p>\n\n\n\n<p>El presidente del Centro de Estudiantes, Misael Bugue\u00f1o y la vocal delegada Anah\u00ed Rabonsi, plantearon que es imposible seguir asistiendo a clases en estas condiciones y reclamaron una inmediata respuesta de parte del Consejo Escolar. Simult\u00e1neamente a \u00e9sta convocatoria, se encontraban reunidas en el despacho de direcci\u00f3n, la se\u00f1ora directora de la Comunidad Acad\u00e9mica Mariana Savoy y la se\u00f1ora intendente Fernanda Antonijevic, visita que se produce a partir de la repercusi\u00f3n que tuvo este tema en nuestra ciudad; m\u00e1s all\u00e1 que los colegios no son de jurisdicci\u00f3n municipal, sino que pertenecen al ministerio de educaci\u00f3n de la Provincia de Buenos Aires, como dijo Antonijevic.<\/p>\n\n\n\n<p>A la salida de la reuni\u00f3n la directora le comunic\u00f3 alumnado que le hab\u00edan comunicado recientemente, desde el Consejo escolar, que la citaban el d\u00eda viernes a las diez de la ma\u00f1ana para evaluar qu\u00e9 pasos son los que se van a seguir para encontrar una soluci\u00f3n al tema.<\/p>\n\n\n\n<p>Los tiempos del Ministerios no son los mismos de las necesidades de las escuelas. Desde agosto del a\u00f1o pasado hasta marzo del 2019 el pedido se estuvo tramitando. La se\u00f1ora Intendente se refiri\u00f3 a que la escuela est\u00e1 en obras, en la etapa uno, que es hacer de cero las instalaciones tanto de gas como de electricidad; qu\u00e9 el problema que tiene la escuela con el cableado el\u00e9ctrico no estaba considerado por nadie y que si no existiera este impedimento se podr\u00eda solucionar el tema de la calefacci\u00f3n con aire fr\u00edo-calor en cada aula. Dijo que ni en el mes de julio ni en agosto iba a estar terminada la instalaci\u00f3n de gas. La intendente ofreci\u00f3 una alternativa para el \u201cmientras tanto\u201d, que fue ofrecer otro lugar para dictar las clases en el horario de la noche, en el Centro Universitario, que en horario vespertino est\u00e1 libre, pero que esa soluci\u00f3n no podr\u00eda aplicarse para el turno de la secundaria y la primaria, por falta de disponibilidad de lugar. La se\u00f1ora regente profesora Marcela del Barrio comparti\u00f3 la inquietud de que el problema m\u00e1s serio se encuentra en las aulas del edificio hist\u00f3rico y en el sal\u00f3n del profesorado de ingl\u00e9s. Qu\u00e9 es insoportable el fr\u00edo all\u00ed. Finalmente la directora Savoy comunic\u00f3 que con las familias de la secundaria se arm\u00f3 un cronograma que se va reviendo d\u00eda a d\u00eda en el que acordaron que los alumnos y profesores afectados a las primeras horas de clase est\u00e1n autorizados a no concurrir al establecimiento, sin que se les pase la falta, otra opci\u00f3n que est\u00e1n considerando es suspender las clases en todos los niveles.<\/p>\n\n\n\n<p>La \u00faltima palabra se tendr\u00e1 luego de la reuni\u00f3n en el Consejo Escolar. Extraoficialmente se conoci\u00f3 la decisi\u00f3n del Centro de Estudiantes de no asistir a otro establecimiento a cursar las carreras, por considerar que es una soluci\u00f3n segmentada que no incluye a todos los niveles de la Comunidad Educativa.<\/p>\n\n\n\n<p>Fuente: Baradero Te Informa<\/p>\n","protected":false},"excerpt":{"rendered":"<p>A las 19 hs del d\u00eda jueves 4 de julio, el alumnado del I.S.D.F 115 fue citado para una charla informativa del Centro de Estudiantes, acerca de encontrar posibles soluciones al problema por la falta de calefacci\u00f3n en el edificio, justamente durante estos crudos d\u00edas de invierno, que repercuten tanto en la ense\u00f1anza como en [&hellip;]<\/p>\n","protected":false},"author":4,"featured_media":55750,"comment_status":"open","ping_status":"closed","sticky":false,"template":"","format":"standard","meta":{"om_disable_all_campaigns":false,"_jetpack_memberships_contains_paid_content":false,"footnotes":""},"categories":[621],"tags":[],"class_list":["post-55749","post","type-post","status-publish","format-standard","has-post-thumbnail","hentry","category-regionales"],"aioseo_notices":[],"gutentor_comment":0,"jetpack_featured_media_url":"https:\/\/eldiariodesanpedro.com.ar\/sitio\/wp-content\/uploads\/2019\/07\/66127395_387269371928287_3578423496688009216_n.jpg","jetpack_shortlink":"https:\/\/wp.me\/p6RhLt-evb","jetpack_sharing_enabled":true,"_links":{"self":[{"href":"https:\/\/eldiariodesanpedro.com.ar\/sitio\/wp-json\/wp\/v2\/posts\/55749","targetHints":{"allow":["GET"]}}],"collection":[{"href":"https:\/\/eldiariodesanpedro.com.ar\/sitio\/wp-json\/wp\/v2\/posts"}],"about":[{"href":"https:\/\/eldiariodesanpedro.com.ar\/sitio\/wp-json\/wp\/v2\/types\/post"}],"author":[{"embeddable":true,"href":"https:\/\/eldiariodesanpedro.com.ar\/sitio\/wp-json\/wp\/v2\/users\/4"}],"replies":[{"embeddable":true,"href":"https:\/\/eldiariodesanpedro.com.ar\/sitio\/wp-json\/wp\/v2\/comments?post=55749"}],"version-history":[{"count":1,"href":"https:\/\/eldiariodesanpedro.com.ar\/sitio\/wp-json\/wp\/v2\/posts\/55749\/revisions"}],"predecessor-version":[{"id":55751,"href":"https:\/\/eldiariodesanpedro.com.ar\/sitio\/wp-json\/wp\/v2\/posts\/55749\/revisions\/55751"}],"wp:featuredmedia":[{"embeddable":true,"href":"https:\/\/eldiariodesanpedro.com.ar\/sitio\/wp-json\/wp\/v2\/media\/55750"}],"wp:attachment":[{"href":"https:\/\/eldiariodesanpedro.com.ar\/sitio\/wp-json\/wp\/v2\/media?parent=55749"}],"wp:term":[{"taxonomy":"category","embeddable":true,"href":"https:\/\/eldiariodesanpedro.com.ar\/sitio\/wp-json\/wp\/v2\/categories?post=55749"},{"taxonomy":"post_tag","embeddable":true,"href":"https:\/\/eldiariodesanpedro.com.ar\/sitio\/wp-json\/wp\/v2\/tags?post=55749"}],"curies":[{"name":"wp","href":"https:\/\/api.w.org\/{rel}","templated":true}]}}