{"id":55742,"date":"2019-07-06T11:51:33","date_gmt":"2019-07-06T14:51:33","guid":{"rendered":"https:\/\/eldiariodesanpedro.com.ar\/sitio\/?p=55742"},"modified":"2019-07-06T11:51:37","modified_gmt":"2019-07-06T14:51:37","slug":"campana-concejales-oficialistas-denunciarian-judicialmente-al-presidente-del-concejo","status":"publish","type":"post","link":"https:\/\/eldiariodesanpedro.com.ar\/sitio\/campana-concejales-oficialistas-denunciarian-judicialmente-al-presidente-del-concejo\/","title":{"rendered":"CAMPANA: Concejales oficialistas denunciarian judicialmente al Presidente del Concejo"},"content":{"rendered":"<!-- VideographyWP Plugin Message: Automatic video embedding prevented by plugin options. -->\n\n<p> \u201cSer\u00eda muy peligroso para todos los vecinos que La C\u00e1mpora tenga m\u00e1s poder en Campana\u00bb, advirtieron y agregaron:\u00a0\u201cCon su accionar antidemocr\u00e1tico en el Concejo Deliberante est\u00e1n demostrando su desprecio por las instituciones y por los que no piensan como ellos\u201d. \u201cEjercen una violencia que nadie quiere para Campana, y que nunca en la historia pol\u00edtica de la ciudad se vio\u201d, denunciaron.<\/p>\n\n\n\n<p>\n\nLos concejales de Juntos por el Cambio repudiaron el \u00abaccionar antidemocr\u00e1tico de los concejales de La C\u00e1mpora en el Concejo Deliberante\u00bb, luego que en la sesi\u00f3n del jueves el presidente del cuerpo les \u201cimpidiera votar una moci\u00f3n\u201d propuesta por el presidente del bloque oficialista.&nbsp;<\/p>\n\n\n\n<p>\u201cLo que pas\u00f3 el jueves es solo una muestra del estilo antidemocr\u00e1tico de La C\u00e1mpora que hoy dirige el Concejo Deliberante con total autoritarismo, sin respetar los reglamentos, ni las normas de funcionamiento del cuerpo\u201d, denunciaron los concejales Carlos Cazador, Luis G\u00f3mez, Marina Casaretto, Diego Lis, Norma Ibarra, Juan Carlos Pandiani y Miriam Cazenave.&nbsp;<\/p>\n\n\n\n<p>\u201cLo sucedido es de una gravedad institucional muy importante y deja al descubierto la violencia, la prepotencia y el desprecio por las instituciones que demuestra constantemente este sector pol\u00edtico, que hoy ni siquiera puede manejar el Concejo Deliberante. Ser\u00eda muy peligroso para los vecinos de Campana que Romano y Calle tengan m\u00e1s poder, porque son capaces de cualquier cosa. El 11 de agosto hay que darle un mensaje a La C\u00e1mpora en las urnas\u201d, pidieron desde el oficialismo.&nbsp;<\/p>\n\n\n\n<p>Asimismo, los concejales aseguraron que est\u00e1n estudiando denunciar judicialmente al presidente del HCD, Osvaldo Fraticelli, por incumplimiento de los deberes de funcionario p\u00fablico entre otras acciones: \u201cSe incumpli\u00f3 el reglamento interno del HCD, pero sobre todo se falt\u00f3 el respeto a los representantes de los vecinos, elegidos por el voto popular. Ejercen una violencia que nadie quiere para Campana, y que nunca en la historia pol\u00edtica de la ciudad vimos algo as\u00ed\u201d, concluyeron los ediles. <\/p>\n\n\n\n<p>Fuente: Campana Noticias<\/p>\n\n\n\n<p><br><\/p>\n","protected":false},"excerpt":{"rendered":"<p>\u201cSer\u00eda muy peligroso para todos los vecinos que La C\u00e1mpora tenga m\u00e1s poder en Campana\u00bb, advirtieron y agregaron:\u00a0\u201cCon su accionar antidemocr\u00e1tico en el Concejo Deliberante est\u00e1n demostrando su desprecio por las instituciones y por los que no piensan como ellos\u201d. \u201cEjercen una violencia que nadie quiere para Campana, y que nunca en la historia pol\u00edtica [&hellip;]<\/p>\n","protected":false},"author":4,"featured_media":55743,"comment_status":"open","ping_status":"closed","sticky":false,"template":"","format":"standard","meta":{"om_disable_all_campaigns":false,"_jetpack_memberships_contains_paid_content":false,"footnotes":""},"categories":[621],"tags":[],"class_list":["post-55742","post","type-post","status-publish","format-standard","has-post-thumbnail","hentry","category-regionales"],"aioseo_notices":[],"gutentor_comment":0,"jetpack_featured_media_url":"https:\/\/eldiariodesanpedro.com.ar\/sitio\/wp-content\/uploads\/2019\/07\/20190705080049.jpg","jetpack_shortlink":"https:\/\/wp.me\/p6RhLt-ev4","jetpack_sharing_enabled":true,"_links":{"self":[{"href":"https:\/\/eldiariodesanpedro.com.ar\/sitio\/wp-json\/wp\/v2\/posts\/55742","targetHints":{"allow":["GET"]}}],"collection":[{"href":"https:\/\/eldiariodesanpedro.com.ar\/sitio\/wp-json\/wp\/v2\/posts"}],"about":[{"href":"https:\/\/eldiariodesanpedro.com.ar\/sitio\/wp-json\/wp\/v2\/types\/post"}],"author":[{"embeddable":true,"href":"https:\/\/eldiariodesanpedro.com.ar\/sitio\/wp-json\/wp\/v2\/users\/4"}],"replies":[{"embeddable":true,"href":"https:\/\/eldiariodesanpedro.com.ar\/sitio\/wp-json\/wp\/v2\/comments?post=55742"}],"version-history":[{"count":1,"href":"https:\/\/eldiariodesanpedro.com.ar\/sitio\/wp-json\/wp\/v2\/posts\/55742\/revisions"}],"predecessor-version":[{"id":55744,"href":"https:\/\/eldiariodesanpedro.com.ar\/sitio\/wp-json\/wp\/v2\/posts\/55742\/revisions\/55744"}],"wp:featuredmedia":[{"embeddable":true,"href":"https:\/\/eldiariodesanpedro.com.ar\/sitio\/wp-json\/wp\/v2\/media\/55743"}],"wp:attachment":[{"href":"https:\/\/eldiariodesanpedro.com.ar\/sitio\/wp-json\/wp\/v2\/media?parent=55742"}],"wp:term":[{"taxonomy":"category","embeddable":true,"href":"https:\/\/eldiariodesanpedro.com.ar\/sitio\/wp-json\/wp\/v2\/categories?post=55742"},{"taxonomy":"post_tag","embeddable":true,"href":"https:\/\/eldiariodesanpedro.com.ar\/sitio\/wp-json\/wp\/v2\/tags?post=55742"}],"curies":[{"name":"wp","href":"https:\/\/api.w.org\/{rel}","templated":true}]}}