{"id":55733,"date":"2019-07-06T10:51:10","date_gmt":"2019-07-06T13:51:10","guid":{"rendered":"https:\/\/eldiariodesanpedro.com.ar\/sitio\/?p=55733"},"modified":"2019-07-06T11:15:16","modified_gmt":"2019-07-06T14:15:16","slug":"parte-policial-resultados-de-operativos-de-saturacion-dinamico-sigue-la-busqueda-del-autor-del-hecho-a-alsogaray","status":"publish","type":"post","link":"https:\/\/eldiariodesanpedro.com.ar\/sitio\/parte-policial-resultados-de-operativos-de-saturacion-dinamico-sigue-la-busqueda-del-autor-del-hecho-a-alsogaray\/","title":{"rendered":"Parte Policial: Resultados de Operativos de Saturaci\u00f3n Din\u00e1mico, sigue la b\u00fasqueda del autor del hecho a Alsogaray"},"content":{"rendered":"<!-- VideographyWP Plugin Message: Automatic video embedding prevented by plugin options. -->\n\n<p>Personal policial de nuestra ciudad, se encuentran realizando operativos conjuntos de manera sorpresiva en los barrios, cuyo su principal objetivo es el control de motoveh\u00edculos. Adem\u00e1s se intensifica este fin de semana la b\u00fasqueda del autor del hecho de la familia Alsogaray.<\/p>\n\n\n\n<p> Los resultados de los operativos&nbsp;de control vehicular din\u00e1micos&nbsp;son muy satisfactorios junto con los aprehendidos por captura activa por lo que se ha demostrado este \u00faltimo tiempo.<\/p>\n\n\n\n<p>En cuanto a los motivos de las aprehensiones, se debieron a pedido de captura por robo, infracci\u00f3n a la Ley de Drogas, resistencia a la autoridad, portaci\u00f3n ilegal de arma de uso civil.&nbsp;Con respecto a los veh\u00edculos, se retuvieron por poseer numeraciones suprimidas, falta de patentes y documentaci\u00f3n y pedido de secuestro por robo. <\/p>\n\n\n\n<p>Este viernes tras lo sucedido con el brutal asalto a la familia Alsogaray, luego de proceder a varios allanamientos negativos, dando por descartado un sospechoso segun las caracteristicas fisicas quien no estaria lesionado por los golpes recibidos por la v\u00edctima,  se identific\u00f3 a otro principal sospechoso, un delincuente con frondosos antecedentes en paraje La Tosquera.<\/p>\n\n\n\n<p>Ante la presencia policial el sujeto emprende huida efectuando varios disparos con  arma de fuego hacia numerarios, no logrando interceptarlo tras un arduo trabajo de b\u00fasqueda con el apoyo de distintas fuerzas especiales, donde se realiza un fuerte operativo cerrojo.<\/p>\n\n\n\n<p>Se intensificar\u00e1 el trabajo este fin de semana hasta lograr su captura seg\u00fan lo dispuesto por el fiscal que lleva la causa adelante, Dr Marcelo Manso.<\/p>\n\n\n\n<p>Los resultado de los procedimientos en la localidad, primeramente camino rural se aprehendi\u00f3 a un ciudadano de 31 a\u00f1os de edad, quien registra pedido de captura activo por hecho de hurto con fecha de alta del 10  de mayo del 2016, a requerimiento del la UFI N\u00ba2, Dpto Judicial La Plata. Dispuesto recaudos legales cumpliendo la posterior libertad.<\/p>\n\n\n\n<p>Otro, personal del Destacamento de Gobernador Castro, procedi\u00f3 a la aprehensi\u00f3n de un adolescente de 17, en Ruta 1001 e\/ camino Guzzo, quien registraba pedido de captura activa por\u00a0tentativa de homicidio, con fecha de alta 18 noviembre de 2018, a requerimiento\u00a0del Juzgado de  Garant\u00edas\u00a0del Joven\u00a0\u00a0N\u00b01 , Dpto Judicial\u00a0\u00a0San Nicol\u00e1s. Dispuesto recaudos legales cumpliendo la posterior libertad entregado a su progenitor.<\/p>\n\n\n\n<p>Tambi\u00e9n dos sujetos fueron aprehendidos por resistencia a la autoridad, tras varios llamados al 911, quienes se encontraban alterando el orden p\u00fablico, torn\u00e1ndose agresivos con cualquiera de paso y con el personal policial.<\/p>\n\n\n\n<p>Uno de ellos fue aprehendido en Ruta 191 km 4,5, siendo un sujeto de 35, y el segundo en calle Brennan al 1200, siendo un adolescente de 17.<\/p>\n\n\n\n<p> Las causas quedaron a cargo de las fiscal\u00edas de turno correspondientes.  <br>&nbsp;Los aprehendidos se encuentran a disposici\u00f3n de la Justicia. <\/p>\n","protected":false},"excerpt":{"rendered":"<p>Personal policial de nuestra ciudad, se encuentran realizando operativos conjuntos de manera sorpresiva en los barrios, cuyo su principal objetivo es el control de motoveh\u00edculos. Adem\u00e1s se intensifica este fin de semana la b\u00fasqueda del autor del hecho de la familia Alsogaray. Los resultados de los operativos&nbsp;de control vehicular din\u00e1micos&nbsp;son muy satisfactorios junto con los [&hellip;]<\/p>\n","protected":false},"author":4,"featured_media":45658,"comment_status":"open","ping_status":"closed","sticky":false,"template":"","format":"standard","meta":{"om_disable_all_campaigns":false,"_jetpack_memberships_contains_paid_content":false,"footnotes":""},"categories":[50,2,103],"tags":[],"class_list":["post-55733","post","type-post","status-publish","format-standard","has-post-thumbnail","hentry","category-destacadas","category-locales","category-policiales-locales"],"aioseo_notices":[],"gutentor_comment":0,"jetpack_featured_media_url":"https:\/\/eldiariodesanpedro.com.ar\/sitio\/wp-content\/uploads\/2019\/01\/patrullero-policia_4.jpg","jetpack_shortlink":"https:\/\/wp.me\/p6RhLt-euV","jetpack_sharing_enabled":true,"_links":{"self":[{"href":"https:\/\/eldiariodesanpedro.com.ar\/sitio\/wp-json\/wp\/v2\/posts\/55733","targetHints":{"allow":["GET"]}}],"collection":[{"href":"https:\/\/eldiariodesanpedro.com.ar\/sitio\/wp-json\/wp\/v2\/posts"}],"about":[{"href":"https:\/\/eldiariodesanpedro.com.ar\/sitio\/wp-json\/wp\/v2\/types\/post"}],"author":[{"embeddable":true,"href":"https:\/\/eldiariodesanpedro.com.ar\/sitio\/wp-json\/wp\/v2\/users\/4"}],"replies":[{"embeddable":true,"href":"https:\/\/eldiariodesanpedro.com.ar\/sitio\/wp-json\/wp\/v2\/comments?post=55733"}],"version-history":[{"count":3,"href":"https:\/\/eldiariodesanpedro.com.ar\/sitio\/wp-json\/wp\/v2\/posts\/55733\/revisions"}],"predecessor-version":[{"id":55739,"href":"https:\/\/eldiariodesanpedro.com.ar\/sitio\/wp-json\/wp\/v2\/posts\/55733\/revisions\/55739"}],"wp:featuredmedia":[{"embeddable":true,"href":"https:\/\/eldiariodesanpedro.com.ar\/sitio\/wp-json\/wp\/v2\/media\/45658"}],"wp:attachment":[{"href":"https:\/\/eldiariodesanpedro.com.ar\/sitio\/wp-json\/wp\/v2\/media?parent=55733"}],"wp:term":[{"taxonomy":"category","embeddable":true,"href":"https:\/\/eldiariodesanpedro.com.ar\/sitio\/wp-json\/wp\/v2\/categories?post=55733"},{"taxonomy":"post_tag","embeddable":true,"href":"https:\/\/eldiariodesanpedro.com.ar\/sitio\/wp-json\/wp\/v2\/tags?post=55733"}],"curies":[{"name":"wp","href":"https:\/\/api.w.org\/{rel}","templated":true}]}}