{"id":55730,"date":"2019-07-06T09:34:46","date_gmt":"2019-07-06T12:34:46","guid":{"rendered":"https:\/\/eldiariodesanpedro.com.ar\/sitio\/?p=55730"},"modified":"2019-07-06T09:34:50","modified_gmt":"2019-07-06T12:34:50","slug":"taller-de-capacitacion-sobre-planificacion-estrategica","status":"publish","type":"post","link":"https:\/\/eldiariodesanpedro.com.ar\/sitio\/taller-de-capacitacion-sobre-planificacion-estrategica\/","title":{"rendered":"Taller de capacitaci\u00f3n sobre Planificaci\u00f3n Estrat\u00e9gica"},"content":{"rendered":"<!-- VideographyWP Plugin Message: Automatic video embedding prevented by plugin options. -->\n\n<p> En el marco del programa Mesas de Di\u00e1logo, impulsado por el Ministerio de Gobierno de la Provincia de Buenos Aires, el martes 16 de julio se desarrollar\u00e1 un taller de capacitaci\u00f3n sobre la tem\u00e1tica Planificaci\u00f3n Estrat\u00e9gica, en el Sal\u00f3n Dorado Municipal.<\/p>\n\n\n\n<p>Ser\u00e1 dictado por Luis Castiella, instructor del INAP (Instituto de la Administraci\u00f3n P\u00fablica Nacional), y estar\u00e1 dirigido al personal Jer\u00e1rquico y a los empleados municipales que se determine, con el fin de fortalecer y acompa\u00f1ar la modernizaci\u00f3n administrativa en los municipios, y a dotar de herramientas a los agentes de la administraci\u00f3n p\u00fablica municipal, a trav\u00e9s de la incorporaci\u00f3n de nuevos modelos de gesti\u00f3n que apunten a la eficacia, y la incorporaci\u00f3n de nuevas tecnolog\u00edas y procesos para lograr la profesionalizaci\u00f3n de los trabajadores de la administraci\u00f3n p\u00fablica. <\/p>\n\n\n\n<p><\/p>\n","protected":false},"excerpt":{"rendered":"<p>En el marco del programa Mesas de Di\u00e1logo, impulsado por el Ministerio de Gobierno de la Provincia de Buenos Aires, el martes 16 de julio se desarrollar\u00e1 un taller de capacitaci\u00f3n sobre la tem\u00e1tica Planificaci\u00f3n Estrat\u00e9gica, en el Sal\u00f3n Dorado Municipal. Ser\u00e1 dictado por Luis Castiella, instructor del INAP (Instituto de la Administraci\u00f3n P\u00fablica Nacional), [&hellip;]<\/p>\n","protected":false},"author":4,"featured_media":55731,"comment_status":"open","ping_status":"closed","sticky":false,"template":"","format":"standard","meta":{"om_disable_all_campaigns":false,"_jetpack_memberships_contains_paid_content":false,"footnotes":""},"categories":[50,101,2],"tags":[],"class_list":["post-55730","post","type-post","status-publish","format-standard","has-post-thumbnail","hentry","category-destacadas","category-interes-general-locales","category-locales"],"aioseo_notices":[],"gutentor_comment":0,"jetpack_featured_media_url":"https:\/\/eldiariodesanpedro.com.ar\/sitio\/wp-content\/uploads\/2019\/07\/WhatsApp-Image-2019-07-05-at-15.19.04.jpeg","jetpack_shortlink":"https:\/\/wp.me\/p6RhLt-euS","jetpack_sharing_enabled":true,"_links":{"self":[{"href":"https:\/\/eldiariodesanpedro.com.ar\/sitio\/wp-json\/wp\/v2\/posts\/55730","targetHints":{"allow":["GET"]}}],"collection":[{"href":"https:\/\/eldiariodesanpedro.com.ar\/sitio\/wp-json\/wp\/v2\/posts"}],"about":[{"href":"https:\/\/eldiariodesanpedro.com.ar\/sitio\/wp-json\/wp\/v2\/types\/post"}],"author":[{"embeddable":true,"href":"https:\/\/eldiariodesanpedro.com.ar\/sitio\/wp-json\/wp\/v2\/users\/4"}],"replies":[{"embeddable":true,"href":"https:\/\/eldiariodesanpedro.com.ar\/sitio\/wp-json\/wp\/v2\/comments?post=55730"}],"version-history":[{"count":1,"href":"https:\/\/eldiariodesanpedro.com.ar\/sitio\/wp-json\/wp\/v2\/posts\/55730\/revisions"}],"predecessor-version":[{"id":55732,"href":"https:\/\/eldiariodesanpedro.com.ar\/sitio\/wp-json\/wp\/v2\/posts\/55730\/revisions\/55732"}],"wp:featuredmedia":[{"embeddable":true,"href":"https:\/\/eldiariodesanpedro.com.ar\/sitio\/wp-json\/wp\/v2\/media\/55731"}],"wp:attachment":[{"href":"https:\/\/eldiariodesanpedro.com.ar\/sitio\/wp-json\/wp\/v2\/media?parent=55730"}],"wp:term":[{"taxonomy":"category","embeddable":true,"href":"https:\/\/eldiariodesanpedro.com.ar\/sitio\/wp-json\/wp\/v2\/categories?post=55730"},{"taxonomy":"post_tag","embeddable":true,"href":"https:\/\/eldiariodesanpedro.com.ar\/sitio\/wp-json\/wp\/v2\/tags?post=55730"}],"curies":[{"name":"wp","href":"https:\/\/api.w.org\/{rel}","templated":true}]}}