{"id":5572,"date":"2016-06-20T18:23:04","date_gmt":"2016-06-20T21:23:04","guid":{"rendered":"https:\/\/eldiariodesanpedro.com.ar\/sitio\/?p=5572"},"modified":"2016-06-20T18:23:04","modified_gmt":"2016-06-20T21:23:04","slug":"dos-mujeres-fallecieron-en-un-accidente-de-transito","status":"publish","type":"post","link":"https:\/\/eldiariodesanpedro.com.ar\/sitio\/dos-mujeres-fallecieron-en-un-accidente-de-transito\/","title":{"rendered":"Dos mujeres fallecieron en un accidente de tr\u00e1nsito"},"content":{"rendered":"<p><!-- VideographyWP Plugin Message: Automatic video embedding prevented by plugin options. --><br \/>\nSe produjo el viernes pasado el terrible accidente de tr\u00e1nsito que tuvo como protagonistas a un \u00f3mnibus de larga distancias, una camioneta y un autom\u00f3vil. Fallecieron dos mujeres que estaban sobre el rodado menor detenidas en la banquina.<br \/>\nUn autom\u00f3vil Peugeot 206 que se encontraba estacionado sobre la banquina de la autopista fue chocado desde atr\u00e1s por una camioneta Toyota que transitaba a gran velocidad y por el envi\u00f3n choc\u00f3 contra un \u00f3mnibus de larga distancia que se encontraba detenido unos metros adelante por problemas mec\u00e1nicos. En el interior del autom\u00f3vil se encontraba una mujer de unos 40 a\u00f1os y su hija de 12, que fallecieron en forma instant\u00e1nea ante la violencia del choque. Durante muchas horas ambos cuerpos estuvieron sobre el auto hasta poder ser retirados. La camioneta qued\u00f3 volcada en medio de la cinta asf\u00e1ltica y su chofer result\u00f3 ileso.<\/p>\n","protected":false},"excerpt":{"rendered":"<p>Se produjo el viernes pasado el terrible accidente de tr\u00e1nsito que tuvo como protagonistas a un \u00f3mnibus de larga distancias, una camioneta y un autom\u00f3vil. Fallecieron dos mujeres que estaban sobre el rodado menor detenidas en la banquina. Un autom\u00f3vil Peugeot 206 que se encontraba estacionado sobre la banquina de la autopista fue chocado desde [&hellip;]<\/p>\n","protected":false},"author":4,"featured_media":5573,"comment_status":"open","ping_status":"closed","sticky":false,"template":"","format":"standard","meta":{"om_disable_all_campaigns":false,"_jetpack_memberships_contains_paid_content":false,"footnotes":""},"categories":[50,2,103],"tags":[],"class_list":["post-5572","post","type-post","status-publish","format-standard","has-post-thumbnail","hentry","category-destacadas","category-locales","category-policiales-locales"],"aioseo_notices":[],"gutentor_comment":0,"jetpack_featured_media_url":"https:\/\/eldiariodesanpedro.com.ar\/sitio\/wp-content\/uploads\/2016\/06\/PAGINA-4-13.jpg","jetpack_shortlink":"https:\/\/wp.me\/p6RhLt-1rS","jetpack_sharing_enabled":true,"_links":{"self":[{"href":"https:\/\/eldiariodesanpedro.com.ar\/sitio\/wp-json\/wp\/v2\/posts\/5572","targetHints":{"allow":["GET"]}}],"collection":[{"href":"https:\/\/eldiariodesanpedro.com.ar\/sitio\/wp-json\/wp\/v2\/posts"}],"about":[{"href":"https:\/\/eldiariodesanpedro.com.ar\/sitio\/wp-json\/wp\/v2\/types\/post"}],"author":[{"embeddable":true,"href":"https:\/\/eldiariodesanpedro.com.ar\/sitio\/wp-json\/wp\/v2\/users\/4"}],"replies":[{"embeddable":true,"href":"https:\/\/eldiariodesanpedro.com.ar\/sitio\/wp-json\/wp\/v2\/comments?post=5572"}],"version-history":[{"count":1,"href":"https:\/\/eldiariodesanpedro.com.ar\/sitio\/wp-json\/wp\/v2\/posts\/5572\/revisions"}],"predecessor-version":[{"id":5574,"href":"https:\/\/eldiariodesanpedro.com.ar\/sitio\/wp-json\/wp\/v2\/posts\/5572\/revisions\/5574"}],"wp:featuredmedia":[{"embeddable":true,"href":"https:\/\/eldiariodesanpedro.com.ar\/sitio\/wp-json\/wp\/v2\/media\/5573"}],"wp:attachment":[{"href":"https:\/\/eldiariodesanpedro.com.ar\/sitio\/wp-json\/wp\/v2\/media?parent=5572"}],"wp:term":[{"taxonomy":"category","embeddable":true,"href":"https:\/\/eldiariodesanpedro.com.ar\/sitio\/wp-json\/wp\/v2\/categories?post=5572"},{"taxonomy":"post_tag","embeddable":true,"href":"https:\/\/eldiariodesanpedro.com.ar\/sitio\/wp-json\/wp\/v2\/tags?post=5572"}],"curies":[{"name":"wp","href":"https:\/\/api.w.org\/{rel}","templated":true}]}}