{"id":55719,"date":"2019-07-05T19:00:28","date_gmt":"2019-07-05T22:00:28","guid":{"rendered":"https:\/\/eldiariodesanpedro.com.ar\/sitio\/?p=55719"},"modified":"2019-07-05T19:00:32","modified_gmt":"2019-07-05T22:00:32","slug":"operativo-cerrojo-siguen-los-allanamientos-en-la-tosquera","status":"publish","type":"post","link":"https:\/\/eldiariodesanpedro.com.ar\/sitio\/operativo-cerrojo-siguen-los-allanamientos-en-la-tosquera\/","title":{"rendered":"OPERATIVO CERROJO: Siguen los allanamientos en la tosquera"},"content":{"rendered":"<!-- VideographyWP Plugin Message: Automatic video embedding prevented by plugin options. -->\n\n<p>Tras el brutal asalto a la familia Alsogaray siguiendo pistas firmes de un sujeto de car\u00e1cter sospechoso con orden de detenci\u00f3n.<\/p>\n\n\n\n<p>Se trata de un peligroso delincuentes, con frondosos antecedentes de 27 a\u00f1os de edad, el cual escap\u00f3 a los tiros al ver la presencia policial esta ma\u00f1ana.<\/p>\n\n\n\n<p>Las caracter\u00edsticas f\u00edsicas son similares a las del sujeto con el que se enfrent\u00f3 Pedro Alsogaray en su casa y que presenta lesiones en el<br> rostro compatibles con los golpes que \u00e9l mismo le propin\u00f3.<\/p>\n\n\n\n<p>Hasta este viernes noche es intensamente buscado por varias fuerzas especiales, bajo las \u00f3rdenes del Fiscal Marcelo Manso, trabajan en el lugar personal de comisar\u00eda y criminolog\u00eda de nuestra ciudad, personal de Jefatura Departamental GAD San Nicol\u00e1s y con el apoyo de GAD Baradero.<\/p>\n\n\n\n<p><\/p>\n","protected":false},"excerpt":{"rendered":"<p>Tras el brutal asalto a la familia Alsogaray siguiendo pistas firmes de un sujeto de car\u00e1cter sospechoso con orden de detenci\u00f3n. Se trata de un peligroso delincuentes, con frondosos antecedentes de 27 a\u00f1os de edad, el cual escap\u00f3 a los tiros al ver la presencia policial esta ma\u00f1ana. Las caracter\u00edsticas f\u00edsicas son similares a las [&hellip;]<\/p>\n","protected":false},"author":4,"featured_media":26677,"comment_status":"open","ping_status":"closed","sticky":false,"template":"","format":"standard","meta":{"om_disable_all_campaigns":false,"_jetpack_memberships_contains_paid_content":false,"footnotes":""},"categories":[50,2,103],"tags":[],"class_list":["post-55719","post","type-post","status-publish","format-standard","has-post-thumbnail","hentry","category-destacadas","category-locales","category-policiales-locales"],"aioseo_notices":[],"gutentor_comment":0,"jetpack_featured_media_url":"https:\/\/eldiariodesanpedro.com.ar\/sitio\/wp-content\/uploads\/2017\/12\/patrullas-policia-noche.jpg","jetpack_shortlink":"https:\/\/wp.me\/p6RhLt-euH","jetpack_sharing_enabled":true,"_links":{"self":[{"href":"https:\/\/eldiariodesanpedro.com.ar\/sitio\/wp-json\/wp\/v2\/posts\/55719","targetHints":{"allow":["GET"]}}],"collection":[{"href":"https:\/\/eldiariodesanpedro.com.ar\/sitio\/wp-json\/wp\/v2\/posts"}],"about":[{"href":"https:\/\/eldiariodesanpedro.com.ar\/sitio\/wp-json\/wp\/v2\/types\/post"}],"author":[{"embeddable":true,"href":"https:\/\/eldiariodesanpedro.com.ar\/sitio\/wp-json\/wp\/v2\/users\/4"}],"replies":[{"embeddable":true,"href":"https:\/\/eldiariodesanpedro.com.ar\/sitio\/wp-json\/wp\/v2\/comments?post=55719"}],"version-history":[{"count":1,"href":"https:\/\/eldiariodesanpedro.com.ar\/sitio\/wp-json\/wp\/v2\/posts\/55719\/revisions"}],"predecessor-version":[{"id":55720,"href":"https:\/\/eldiariodesanpedro.com.ar\/sitio\/wp-json\/wp\/v2\/posts\/55719\/revisions\/55720"}],"wp:featuredmedia":[{"embeddable":true,"href":"https:\/\/eldiariodesanpedro.com.ar\/sitio\/wp-json\/wp\/v2\/media\/26677"}],"wp:attachment":[{"href":"https:\/\/eldiariodesanpedro.com.ar\/sitio\/wp-json\/wp\/v2\/media?parent=55719"}],"wp:term":[{"taxonomy":"category","embeddable":true,"href":"https:\/\/eldiariodesanpedro.com.ar\/sitio\/wp-json\/wp\/v2\/categories?post=55719"},{"taxonomy":"post_tag","embeddable":true,"href":"https:\/\/eldiariodesanpedro.com.ar\/sitio\/wp-json\/wp\/v2\/tags?post=55719"}],"curies":[{"name":"wp","href":"https:\/\/api.w.org\/{rel}","templated":true}]}}