{"id":55715,"date":"2019-07-05T18:07:21","date_gmt":"2019-07-05T21:07:21","guid":{"rendered":"https:\/\/eldiariodesanpedro.com.ar\/sitio\/?p=55715"},"modified":"2019-07-05T18:07:25","modified_gmt":"2019-07-05T21:07:25","slug":"el-agradecimiento-de-pedro-alsogaray","status":"publish","type":"post","link":"https:\/\/eldiariodesanpedro.com.ar\/sitio\/el-agradecimiento-de-pedro-alsogaray\/","title":{"rendered":"El agradecimiento de Pedro Alsogaray"},"content":{"rendered":"<!-- VideographyWP Plugin Message: Automatic video embedding prevented by plugin options. -->\n\n<p>El reconocido comerciante baleado \u00e9l y su esposa Victoria Amatriain, en un violento asalto este jueves por la madrugada, agradeci\u00f3 p\u00fablicamente en su red social de facebook el apoyo de toda la comunidad y el hospital.<\/p>\n\n\n\n<p>El texto dec\u00eda: \u00abEn mi nombre, el de Victoria, que se recupera lentamente y el de toda mi familia quiero agradecer a TODOS los que de diferentes maneras se han acercado en este\u00a0momento tan especial.<\/p>\n\n\n\n<p>La excelente atenci\u00f3n recibida en el Hospital de San Pedro, las muestras de solidaridad de amigos y de vecinos de San Pedro y la predisposici\u00f3n de las autoridades y de aquellos que han acercado su colaboraci\u00f3n o su palabra de acompa\u00f1amiento nos han ayudado y seguramente nos ayudar\u00e1n a seguir adelante\u00bb.<\/p>\n\n\n\n<figure class=\"wp-block-image\"><img decoding=\"async\" width=\"960\" height=\"960\" data-attachment-id=\"55716\" data-permalink=\"https:\/\/eldiariodesanpedro.com.ar\/sitio\/el-agradecimiento-de-pedro-alsogaray\/66132392_468390627296351_311160076968656896_n\/\" data-orig-file=\"https:\/\/eldiariodesanpedro.com.ar\/sitio\/wp-content\/uploads\/2019\/07\/66132392_468390627296351_311160076968656896_n.jpg\" data-orig-size=\"960,960\" data-comments-opened=\"1\" data-image-meta=\"{&quot;aperture&quot;:&quot;0&quot;,&quot;credit&quot;:&quot;&quot;,&quot;camera&quot;:&quot;&quot;,&quot;caption&quot;:&quot;&quot;,&quot;created_timestamp&quot;:&quot;0&quot;,&quot;copyright&quot;:&quot;&quot;,&quot;focal_length&quot;:&quot;0&quot;,&quot;iso&quot;:&quot;0&quot;,&quot;shutter_speed&quot;:&quot;0&quot;,&quot;title&quot;:&quot;&quot;,&quot;orientation&quot;:&quot;0&quot;}\" data-image-title=\"66132392_468390627296351_311160076968656896_n\" data-image-description=\"\" data-image-caption=\"\" data-large-file=\"https:\/\/eldiariodesanpedro.com.ar\/sitio\/wp-content\/uploads\/2019\/07\/66132392_468390627296351_311160076968656896_n.jpg\" data-src=\"https:\/\/eldiariodesanpedro.com.ar\/sitio\/wp-content\/uploads\/2019\/07\/66132392_468390627296351_311160076968656896_n.jpg\" alt=\"\" class=\"wp-image-55716 lazyload\" data-srcset=\"https:\/\/eldiariodesanpedro.com.ar\/sitio\/wp-content\/uploads\/2019\/07\/66132392_468390627296351_311160076968656896_n.jpg 960w, https:\/\/eldiariodesanpedro.com.ar\/sitio\/wp-content\/uploads\/2019\/07\/66132392_468390627296351_311160076968656896_n-150x150.jpg 150w, https:\/\/eldiariodesanpedro.com.ar\/sitio\/wp-content\/uploads\/2019\/07\/66132392_468390627296351_311160076968656896_n-300x300.jpg 300w, https:\/\/eldiariodesanpedro.com.ar\/sitio\/wp-content\/uploads\/2019\/07\/66132392_468390627296351_311160076968656896_n-768x768.jpg 768w\" data-sizes=\"(max-width: 960px) 100vw, 960px\" src=\"data:image\/svg+xml;base64,PHN2ZyB3aWR0aD0iMSIgaGVpZ2h0PSIxIiB4bWxucz0iaHR0cDovL3d3dy53My5vcmcvMjAwMC9zdmciPjwvc3ZnPg==\" style=\"--smush-placeholder-width: 960px; --smush-placeholder-aspect-ratio: 960\/960;\" \/><\/figure>\n","protected":false},"excerpt":{"rendered":"<p>El reconocido comerciante baleado \u00e9l y su esposa Victoria Amatriain, en un violento asalto este jueves por la madrugada, agradeci\u00f3 p\u00fablicamente en su red social de facebook el apoyo de toda la comunidad y el hospital. El texto dec\u00eda: \u00abEn mi nombre, el de Victoria, que se recupera lentamente y el de toda mi familia [&hellip;]<\/p>\n","protected":false},"author":4,"featured_media":55717,"comment_status":"open","ping_status":"closed","sticky":false,"template":"","format":"standard","meta":{"om_disable_all_campaigns":false,"_jetpack_memberships_contains_paid_content":false,"footnotes":""},"categories":[50,101,2],"tags":[],"class_list":["post-55715","post","type-post","status-publish","format-standard","has-post-thumbnail","hentry","category-destacadas","category-interes-general-locales","category-locales"],"aioseo_notices":[],"gutentor_comment":0,"jetpack_featured_media_url":"https:\/\/eldiariodesanpedro.com.ar\/sitio\/wp-content\/uploads\/2019\/07\/PEDRO.jpg","jetpack_shortlink":"https:\/\/wp.me\/p6RhLt-euD","jetpack_sharing_enabled":true,"_links":{"self":[{"href":"https:\/\/eldiariodesanpedro.com.ar\/sitio\/wp-json\/wp\/v2\/posts\/55715","targetHints":{"allow":["GET"]}}],"collection":[{"href":"https:\/\/eldiariodesanpedro.com.ar\/sitio\/wp-json\/wp\/v2\/posts"}],"about":[{"href":"https:\/\/eldiariodesanpedro.com.ar\/sitio\/wp-json\/wp\/v2\/types\/post"}],"author":[{"embeddable":true,"href":"https:\/\/eldiariodesanpedro.com.ar\/sitio\/wp-json\/wp\/v2\/users\/4"}],"replies":[{"embeddable":true,"href":"https:\/\/eldiariodesanpedro.com.ar\/sitio\/wp-json\/wp\/v2\/comments?post=55715"}],"version-history":[{"count":1,"href":"https:\/\/eldiariodesanpedro.com.ar\/sitio\/wp-json\/wp\/v2\/posts\/55715\/revisions"}],"predecessor-version":[{"id":55718,"href":"https:\/\/eldiariodesanpedro.com.ar\/sitio\/wp-json\/wp\/v2\/posts\/55715\/revisions\/55718"}],"wp:featuredmedia":[{"embeddable":true,"href":"https:\/\/eldiariodesanpedro.com.ar\/sitio\/wp-json\/wp\/v2\/media\/55717"}],"wp:attachment":[{"href":"https:\/\/eldiariodesanpedro.com.ar\/sitio\/wp-json\/wp\/v2\/media?parent=55715"}],"wp:term":[{"taxonomy":"category","embeddable":true,"href":"https:\/\/eldiariodesanpedro.com.ar\/sitio\/wp-json\/wp\/v2\/categories?post=55715"},{"taxonomy":"post_tag","embeddable":true,"href":"https:\/\/eldiariodesanpedro.com.ar\/sitio\/wp-json\/wp\/v2\/tags?post=55715"}],"curies":[{"name":"wp","href":"https:\/\/api.w.org\/{rel}","templated":true}]}}