{"id":55708,"date":"2019-07-05T15:59:11","date_gmt":"2019-07-05T18:59:11","guid":{"rendered":"https:\/\/eldiariodesanpedro.com.ar\/sitio\/?p=55708"},"modified":"2019-07-05T15:59:15","modified_gmt":"2019-07-05T18:59:15","slug":"ramallo-los-detalles-del-acuerdo-del-sindicato-con-fiplasto","status":"publish","type":"post","link":"https:\/\/eldiariodesanpedro.com.ar\/sitio\/ramallo-los-detalles-del-acuerdo-del-sindicato-con-fiplasto\/","title":{"rendered":"RAMALLO: Los detalles del acuerdo del sindicato con Fiplasto"},"content":{"rendered":"<!-- VideographyWP Plugin Message: Automatic video embedding prevented by plugin options. -->\n\n<p>Juan Jos\u00e9 Silenzo, dirigente gremial que encabeza la lucha de los trabajadores ante la inminente suspensi\u00f3n de actividades prevista en la planta de Fiplasto, habl\u00f3 en Es Ramallo, el programa de Estaci\u00f3n NBA 88.9 y explic\u00f3 la decisi\u00f3n tomada en consenso de asamblea: \u201cSe puede decir que son buenas noticias, solo en el contexto que vivimos. Se ha llegado a un acuerdo, en una asamblea con los compa\u00f1eros, para aceptar la propuesta de la empresa. Consiste en que\u00a0<strong>se va a suspender a los trabajadores 7 d\u00edas por mes y que cobrar\u00e1n el 75% del salario, durante 3 meses<\/strong>\u201d.<\/p>\n\n\n\n<p>En una entrevista anterior, hab\u00eda dicho que se iba a proponer que todos los empleados fueran suspendidos y no solo los operarios, pero \u201cNo pudimos acordar que la suspensi\u00f3n sea para todos los empleados y no solo para los operarios, pero creo que \u2013ante el anuncio de la empresa en la conciliaci\u00f3n hecha en el Ministerio de Trabajo de que iba a suspender de todos modos a la gente- es una decisi\u00f3n positiva\u201d, se\u00f1al\u00f3 Silenzo.<\/p>\n\n\n\n<p>\u201cDe esta manera evitamos que el conflicto vaya para largo. Dentro de lo malo, fue lo mejor que podemos conseguir. La empresa nos dijo que esperan que se reactive la actividad y entendemos que hay que ver qu\u00e9 pasa en las elecciones. Esperemos que podamos salir adelante\u201d, agreg\u00f3.<\/p>\n\n\n\n<p>El acuerdo arrancar\u00e1 pronto: \u201cAhora tenemos que ir a Buenos Aires para firmar el acuerdo y ah\u00ed sabremos cu\u00e1ndo arranca el mismo. Se hablaba de julio, agosto y septiembre pero ahora vamos a tener que definirlo\u201d.<\/p>\n\n\n\n<p>Fuente: Ramallo Informa<\/p>\n","protected":false},"excerpt":{"rendered":"<p>Juan Jos\u00e9 Silenzo, dirigente gremial que encabeza la lucha de los trabajadores ante la inminente suspensi\u00f3n de actividades prevista en la planta de Fiplasto, habl\u00f3 en Es Ramallo, el programa de Estaci\u00f3n NBA 88.9 y explic\u00f3 la decisi\u00f3n tomada en consenso de asamblea: \u201cSe puede decir que son buenas noticias, solo en el contexto que [&hellip;]<\/p>\n","protected":false},"author":4,"featured_media":55709,"comment_status":"open","ping_status":"closed","sticky":false,"template":"","format":"standard","meta":{"om_disable_all_campaigns":false,"_jetpack_memberships_contains_paid_content":false,"footnotes":""},"categories":[621],"tags":[],"class_list":["post-55708","post","type-post","status-publish","format-standard","has-post-thumbnail","hentry","category-regionales"],"aioseo_notices":[],"gutentor_comment":0,"jetpack_featured_media_url":"https:\/\/eldiariodesanpedro.com.ar\/sitio\/wp-content\/uploads\/2019\/07\/fiplasto.jpg","jetpack_shortlink":"https:\/\/wp.me\/p6RhLt-euw","jetpack_sharing_enabled":true,"_links":{"self":[{"href":"https:\/\/eldiariodesanpedro.com.ar\/sitio\/wp-json\/wp\/v2\/posts\/55708","targetHints":{"allow":["GET"]}}],"collection":[{"href":"https:\/\/eldiariodesanpedro.com.ar\/sitio\/wp-json\/wp\/v2\/posts"}],"about":[{"href":"https:\/\/eldiariodesanpedro.com.ar\/sitio\/wp-json\/wp\/v2\/types\/post"}],"author":[{"embeddable":true,"href":"https:\/\/eldiariodesanpedro.com.ar\/sitio\/wp-json\/wp\/v2\/users\/4"}],"replies":[{"embeddable":true,"href":"https:\/\/eldiariodesanpedro.com.ar\/sitio\/wp-json\/wp\/v2\/comments?post=55708"}],"version-history":[{"count":1,"href":"https:\/\/eldiariodesanpedro.com.ar\/sitio\/wp-json\/wp\/v2\/posts\/55708\/revisions"}],"predecessor-version":[{"id":55710,"href":"https:\/\/eldiariodesanpedro.com.ar\/sitio\/wp-json\/wp\/v2\/posts\/55708\/revisions\/55710"}],"wp:featuredmedia":[{"embeddable":true,"href":"https:\/\/eldiariodesanpedro.com.ar\/sitio\/wp-json\/wp\/v2\/media\/55709"}],"wp:attachment":[{"href":"https:\/\/eldiariodesanpedro.com.ar\/sitio\/wp-json\/wp\/v2\/media?parent=55708"}],"wp:term":[{"taxonomy":"category","embeddable":true,"href":"https:\/\/eldiariodesanpedro.com.ar\/sitio\/wp-json\/wp\/v2\/categories?post=55708"},{"taxonomy":"post_tag","embeddable":true,"href":"https:\/\/eldiariodesanpedro.com.ar\/sitio\/wp-json\/wp\/v2\/tags?post=55708"}],"curies":[{"name":"wp","href":"https:\/\/api.w.org\/{rel}","templated":true}]}}