{"id":55705,"date":"2019-07-05T15:56:54","date_gmt":"2019-07-05T18:56:54","guid":{"rendered":"https:\/\/eldiariodesanpedro.com.ar\/sitio\/?p=55705"},"modified":"2019-07-05T15:56:58","modified_gmt":"2019-07-05T18:56:58","slug":"pergamino-terrible-accidente-en-vina","status":"publish","type":"post","link":"https:\/\/eldiariodesanpedro.com.ar\/sitio\/pergamino-terrible-accidente-en-vina\/","title":{"rendered":"PERGAMINO: Terrible accidente en Vi\u00f1a"},"content":{"rendered":"<!-- VideographyWP Plugin Message: Automatic video embedding prevented by plugin options. -->\n\n<p>Un violento accidente se produjo aproximadamente a las 7 de la ma\u00f1ana de este jueves en ruta 8, pasando la segunda curva de Vi\u00f1a, ya partido de Pergamino.<\/p>\n\n\n\n<p>Chocaron de frente dos camionetas: una Chevrolet S10 y una Toyota Hilux. Se presume que el impacto se gener\u00f3 porque uno de los dos veh\u00edculos se larg\u00f3 a pasar un cami\u00f3n y no vio que el otro ven\u00eda de frente, ya que se dio en plena recta.<\/p>\n\n\n\n<p>Bomberos Voluntarios de Arrecifes debieron acudir a rescatar a dos personas que circulaban en la S10, ya que hab\u00edan quedado atrapadas en el habit\u00e1culo. Las dos presentaban traumatismos en el pecho, producto de los airbags, y una de ellas una aparente fractura de mand\u00edbula. Fueron trasladadas al Hospital Municipal por una ambulancia de EMAR, seg\u00fan inform\u00f3 en Radio Uno (107.1) el jefe del Cuerpo de Bomberos Voluntarios de nuestra ciudad, Fernando Ciongo.<\/p>\n\n\n\n<p>Los conductores de las camionetas son oriundos de Col\u00f3n y de La Plata.<\/p>\n\n\n\n<p>Cabe destacar que si bien el siniestro se produjo en jurisdicci\u00f3n de Pergamino, act\u00faan los servicios de emergencias de Arrecifes por mayor cercan\u00eda con el lugar.<\/p>\n\n\n\n<p>Fuente: Noticias Arrecifes<\/p>\n","protected":false},"excerpt":{"rendered":"<p>Un violento accidente se produjo aproximadamente a las 7 de la ma\u00f1ana de este jueves en ruta 8, pasando la segunda curva de Vi\u00f1a, ya partido de Pergamino. Chocaron de frente dos camionetas: una Chevrolet S10 y una Toyota Hilux. Se presume que el impacto se gener\u00f3 porque uno de los dos veh\u00edculos se larg\u00f3 [&hellip;]<\/p>\n","protected":false},"author":4,"featured_media":55706,"comment_status":"open","ping_status":"closed","sticky":false,"template":"","format":"standard","meta":{"om_disable_all_campaigns":false,"_jetpack_memberships_contains_paid_content":false,"footnotes":""},"categories":[621],"tags":[],"class_list":["post-55705","post","type-post","status-publish","format-standard","has-post-thumbnail","hentry","category-regionales"],"aioseo_notices":[],"gutentor_comment":0,"jetpack_featured_media_url":"https:\/\/eldiariodesanpedro.com.ar\/sitio\/wp-content\/uploads\/2019\/07\/Accidente-Vi\u00f1a-camioneta.jpg","jetpack_shortlink":"https:\/\/wp.me\/p6RhLt-eut","jetpack_sharing_enabled":true,"_links":{"self":[{"href":"https:\/\/eldiariodesanpedro.com.ar\/sitio\/wp-json\/wp\/v2\/posts\/55705","targetHints":{"allow":["GET"]}}],"collection":[{"href":"https:\/\/eldiariodesanpedro.com.ar\/sitio\/wp-json\/wp\/v2\/posts"}],"about":[{"href":"https:\/\/eldiariodesanpedro.com.ar\/sitio\/wp-json\/wp\/v2\/types\/post"}],"author":[{"embeddable":true,"href":"https:\/\/eldiariodesanpedro.com.ar\/sitio\/wp-json\/wp\/v2\/users\/4"}],"replies":[{"embeddable":true,"href":"https:\/\/eldiariodesanpedro.com.ar\/sitio\/wp-json\/wp\/v2\/comments?post=55705"}],"version-history":[{"count":1,"href":"https:\/\/eldiariodesanpedro.com.ar\/sitio\/wp-json\/wp\/v2\/posts\/55705\/revisions"}],"predecessor-version":[{"id":55707,"href":"https:\/\/eldiariodesanpedro.com.ar\/sitio\/wp-json\/wp\/v2\/posts\/55705\/revisions\/55707"}],"wp:featuredmedia":[{"embeddable":true,"href":"https:\/\/eldiariodesanpedro.com.ar\/sitio\/wp-json\/wp\/v2\/media\/55706"}],"wp:attachment":[{"href":"https:\/\/eldiariodesanpedro.com.ar\/sitio\/wp-json\/wp\/v2\/media?parent=55705"}],"wp:term":[{"taxonomy":"category","embeddable":true,"href":"https:\/\/eldiariodesanpedro.com.ar\/sitio\/wp-json\/wp\/v2\/categories?post=55705"},{"taxonomy":"post_tag","embeddable":true,"href":"https:\/\/eldiariodesanpedro.com.ar\/sitio\/wp-json\/wp\/v2\/tags?post=55705"}],"curies":[{"name":"wp","href":"https:\/\/api.w.org\/{rel}","templated":true}]}}