{"id":55702,"date":"2019-07-05T15:48:25","date_gmt":"2019-07-05T18:48:25","guid":{"rendered":"https:\/\/eldiariodesanpedro.com.ar\/sitio\/?p=55702"},"modified":"2019-07-05T15:48:29","modified_gmt":"2019-07-05T18:48:29","slug":"zarate-condenan-a-perpetua-a-la-pareja-que-violo-y-mato-a-sus-sobrino-de-2-anos","status":"publish","type":"post","link":"https:\/\/eldiariodesanpedro.com.ar\/sitio\/zarate-condenan-a-perpetua-a-la-pareja-que-violo-y-mato-a-sus-sobrino-de-2-anos\/","title":{"rendered":"Z\u00c1RATE: Condenan a perpetua a la pareja que viol\u00f3 y mat\u00f3 a sus sobrino de 2 a\u00f1os"},"content":{"rendered":"<!-- VideographyWP Plugin Message: Automatic video embedding prevented by plugin options. -->\n\n<p><strong>La m\u00e1xima pena recay\u00f3 sobre Viviana Rivas (22) y Miguel Salomoni (30) por el delito de \u00ababuso sexual con acceso carnal seguido de muerte\u00bb de Mateo S\u00e1nchez (2).<\/strong><\/p>\n\n\n\n<p>\u00abHoy esos asesinos recibieron su condena, tuvieron perpetua. Quiero agradecer a los pediatras del Hospital de Z\u00e1rate que no dejaron que firmen como muerte s\u00fabita, al fiscal Mart\u00edn Zocca que fue quien no descans\u00f3 hasta conseguir Justicia para mi hijo\u00bb, public\u00f3 Marina Rivas, madre de la v\u00edctima, en su muro de Facebook.<\/p>\n\n\n\n<p>Fuentes judiciales informaron a T\u00e9lam que el Tribunal Oral en lo Criminal (TOC) 1 de Z\u00e1rate dio por acreditado que ambos violaron al ni\u00f1o e intentaron simular que se hab\u00eda ca\u00eddo de una mesa.<\/p>\n\n\n\n<p>El fiscal Zocca consider\u00f3 en su alegato que Rivas, t\u00eda materna de la v\u00edctima, y su novio, cometieron el hecho ocurrido el 26 de septiembre de 2017.<\/p>\n\n\n\n<p>Seg\u00fan las fuentes, el funcionario judicial que instruy\u00f3 la causa desde el comienzo dio por probado que en esa ocasi\u00f3n la madre de Mateo fue a trabajar y dej\u00f3 a su hijo al cuidado de sus t\u00edos.<\/p>\n\n\n\n<p>El chico fue trasladado por la pareja al hospital Virgen del Carmen de Z\u00e1rate porque supuestamente se hab\u00eda ca\u00eddo de una mesa y se hab\u00eda golpeado la cabeza contra el piso, tras lo cual se descompuso.<\/p>\n\n\n\n<p>\u00abLa v\u00edctima lleg\u00f3 con un paro cardiorrespiratorio y falleci\u00f3 a los pocos minutos de haber ingresado\u00bb, dijo una fuente con acceso al expediente.<\/p>\n\n\n\n<p>Sin embargo, una de las m\u00e9dicas de guardia declar\u00f3 ante el TOC 1 que cuando el chico fue revisado no encontraron ning\u00fan golpe en la zona de la cabeza y s\u00ed hallaron signos compatibles con un abuso sexual.<\/p>\n\n\n\n<p>Ante esa situaci\u00f3n, los directivos del hospital avisaron a la polic\u00eda e inmediatamente intervino el fiscal Zocca, quien orden\u00f3 la autopsia correspondiente.<\/p>\n\n\n\n<p>El resultado confirm\u00f3 que efectivamente el ni\u00f1o hab\u00eda sido violado y que el ataque sexual hab\u00eda provocado graves lesiones que derivaron en un paro card\u00edaco a ra\u00edz de un \u00abreflejo vagal\u00bb.<\/p>\n\n\n\n<p>Con esos datos, el fiscal Zocca dispuso la detenci\u00f3n de los t\u00edos, quienes continuar\u00e1n detenidos tras el fallo condenatorio.<\/p>\n\n\n\n<p>Durante el debate oral tambi\u00e9n testimoniaron las maestras del jard\u00edn al que Mateo concurr\u00eda y vecinos del barrio que relataron la din\u00e1mica familiar.<\/p>\n\n\n\n<p>Adem\u00e1s, Salomoni hab\u00eda dicho que a la hora que ocurri\u00f3 el hecho hab\u00eda ido a efectuar una compra a un quiosco de la cuadra pero el comerciante declar\u00f3 ante los jueces y contradijo su versi\u00f3n al decir que eso hab\u00eda sido \u00abhoras antes\u00bb.<\/p>\n\n\n\n<p>\u00abAgradezco a In\u00e9s Casse y Sonia Nores que me ayudaron a salir adelante y a todo el grupo de Asistencia a la V\u00edctima (del municipio), a los jueces que decidieron la justa perpetua y a todos los que me acompa\u00f1aron en este inmenso dolor, gracias, se hizo Justicia por mi hijo\u00bb, concluy\u00f3 en su publicaci\u00f3n la madre de Mateo junto a una foto del ni\u00f1o. (T\u00e9lam)<\/p>\n\n\n\n<p><strong>Fuente:&nbsp;<\/strong>Noticias Z\u00e1rate Alerta&nbsp;<\/p>\n","protected":false},"excerpt":{"rendered":"<p>La m\u00e1xima pena recay\u00f3 sobre Viviana Rivas (22) y Miguel Salomoni (30) por el delito de \u00ababuso sexual con acceso carnal seguido de muerte\u00bb de Mateo S\u00e1nchez (2). \u00abHoy esos asesinos recibieron su condena, tuvieron perpetua. Quiero agradecer a los pediatras del Hospital de Z\u00e1rate que no dejaron que firmen como muerte s\u00fabita, al fiscal [&hellip;]<\/p>\n","protected":false},"author":4,"featured_media":55703,"comment_status":"open","ping_status":"closed","sticky":false,"template":"","format":"standard","meta":{"om_disable_all_campaigns":false,"_jetpack_memberships_contains_paid_content":false,"footnotes":""},"categories":[621],"tags":[],"class_list":["post-55702","post","type-post","status-publish","format-standard","has-post-thumbnail","hentry","category-regionales"],"aioseo_notices":[],"gutentor_comment":0,"jetpack_featured_media_url":"https:\/\/eldiariodesanpedro.com.ar\/sitio\/wp-content\/uploads\/2019\/07\/mateo.jpg","jetpack_shortlink":"https:\/\/wp.me\/p6RhLt-euq","jetpack_sharing_enabled":true,"_links":{"self":[{"href":"https:\/\/eldiariodesanpedro.com.ar\/sitio\/wp-json\/wp\/v2\/posts\/55702","targetHints":{"allow":["GET"]}}],"collection":[{"href":"https:\/\/eldiariodesanpedro.com.ar\/sitio\/wp-json\/wp\/v2\/posts"}],"about":[{"href":"https:\/\/eldiariodesanpedro.com.ar\/sitio\/wp-json\/wp\/v2\/types\/post"}],"author":[{"embeddable":true,"href":"https:\/\/eldiariodesanpedro.com.ar\/sitio\/wp-json\/wp\/v2\/users\/4"}],"replies":[{"embeddable":true,"href":"https:\/\/eldiariodesanpedro.com.ar\/sitio\/wp-json\/wp\/v2\/comments?post=55702"}],"version-history":[{"count":1,"href":"https:\/\/eldiariodesanpedro.com.ar\/sitio\/wp-json\/wp\/v2\/posts\/55702\/revisions"}],"predecessor-version":[{"id":55704,"href":"https:\/\/eldiariodesanpedro.com.ar\/sitio\/wp-json\/wp\/v2\/posts\/55702\/revisions\/55704"}],"wp:featuredmedia":[{"embeddable":true,"href":"https:\/\/eldiariodesanpedro.com.ar\/sitio\/wp-json\/wp\/v2\/media\/55703"}],"wp:attachment":[{"href":"https:\/\/eldiariodesanpedro.com.ar\/sitio\/wp-json\/wp\/v2\/media?parent=55702"}],"wp:term":[{"taxonomy":"category","embeddable":true,"href":"https:\/\/eldiariodesanpedro.com.ar\/sitio\/wp-json\/wp\/v2\/categories?post=55702"},{"taxonomy":"post_tag","embeddable":true,"href":"https:\/\/eldiariodesanpedro.com.ar\/sitio\/wp-json\/wp\/v2\/tags?post=55702"}],"curies":[{"name":"wp","href":"https:\/\/api.w.org\/{rel}","templated":true}]}}