{"id":55699,"date":"2019-07-05T15:46:21","date_gmt":"2019-07-05T18:46:21","guid":{"rendered":"https:\/\/eldiariodesanpedro.com.ar\/sitio\/?p=55699"},"modified":"2019-07-05T15:46:25","modified_gmt":"2019-07-05T18:46:25","slug":"zarate-fatal-accidente-laboral","status":"publish","type":"post","link":"https:\/\/eldiariodesanpedro.com.ar\/sitio\/zarate-fatal-accidente-laboral\/","title":{"rendered":"Z\u00c1RATE: Fatal accidente laboral"},"content":{"rendered":"<!-- VideographyWP Plugin Message: Automatic video embedding prevented by plugin options. -->\n\n<p><strong>Durante horas de la tarde de ayer, un hombre se encontraba trabajando en las alturas de una verduler\u00eda ubicada en calle Brown, entre Castelli y Ameghino.<\/strong><\/p>\n\n\n\n<p>Por causas que se desconocen cay\u00f3 de manera brusca y perdi\u00f3 la vida en pocos minutos. Ten\u00eda 60 a\u00f1os y aparentemente trabajaba en el lugar. La verduler\u00eda pertenece a un supermercado oriental ubicado a pocos metros.<\/p>\n\n\n\n<p>Seg\u00fan se pudo saber por testimonios recogidos en el lugar el hombre era muy atento y amable con los clientes. En el lugar trabajaron efectivos de la Comisar\u00eda 1era y luego Polic\u00eda Cient\u00edfica.<\/p>\n\n\n\n<p><strong>Fuente:&nbsp;<\/strong>Cabletel Noticias&nbsp;<\/p>\n","protected":false},"excerpt":{"rendered":"<p>Durante horas de la tarde de ayer, un hombre se encontraba trabajando en las alturas de una verduler\u00eda ubicada en calle Brown, entre Castelli y Ameghino. Por causas que se desconocen cay\u00f3 de manera brusca y perdi\u00f3 la vida en pocos minutos. Ten\u00eda 60 a\u00f1os y aparentemente trabajaba en el lugar. La verduler\u00eda pertenece a [&hellip;]<\/p>\n","protected":false},"author":4,"featured_media":55700,"comment_status":"open","ping_status":"closed","sticky":false,"template":"","format":"standard","meta":{"om_disable_all_campaigns":false,"_jetpack_memberships_contains_paid_content":false,"footnotes":""},"categories":[621],"tags":[],"class_list":["post-55699","post","type-post","status-publish","format-standard","has-post-thumbnail","hentry","category-regionales"],"aioseo_notices":[],"gutentor_comment":0,"jetpack_featured_media_url":"https:\/\/eldiariodesanpedro.com.ar\/sitio\/wp-content\/uploads\/2019\/07\/WhatsApp-Image-2019-07-04-at-17.46.55.jpeg","jetpack_shortlink":"https:\/\/wp.me\/p6RhLt-eun","jetpack_sharing_enabled":true,"_links":{"self":[{"href":"https:\/\/eldiariodesanpedro.com.ar\/sitio\/wp-json\/wp\/v2\/posts\/55699","targetHints":{"allow":["GET"]}}],"collection":[{"href":"https:\/\/eldiariodesanpedro.com.ar\/sitio\/wp-json\/wp\/v2\/posts"}],"about":[{"href":"https:\/\/eldiariodesanpedro.com.ar\/sitio\/wp-json\/wp\/v2\/types\/post"}],"author":[{"embeddable":true,"href":"https:\/\/eldiariodesanpedro.com.ar\/sitio\/wp-json\/wp\/v2\/users\/4"}],"replies":[{"embeddable":true,"href":"https:\/\/eldiariodesanpedro.com.ar\/sitio\/wp-json\/wp\/v2\/comments?post=55699"}],"version-history":[{"count":1,"href":"https:\/\/eldiariodesanpedro.com.ar\/sitio\/wp-json\/wp\/v2\/posts\/55699\/revisions"}],"predecessor-version":[{"id":55701,"href":"https:\/\/eldiariodesanpedro.com.ar\/sitio\/wp-json\/wp\/v2\/posts\/55699\/revisions\/55701"}],"wp:featuredmedia":[{"embeddable":true,"href":"https:\/\/eldiariodesanpedro.com.ar\/sitio\/wp-json\/wp\/v2\/media\/55700"}],"wp:attachment":[{"href":"https:\/\/eldiariodesanpedro.com.ar\/sitio\/wp-json\/wp\/v2\/media?parent=55699"}],"wp:term":[{"taxonomy":"category","embeddable":true,"href":"https:\/\/eldiariodesanpedro.com.ar\/sitio\/wp-json\/wp\/v2\/categories?post=55699"},{"taxonomy":"post_tag","embeddable":true,"href":"https:\/\/eldiariodesanpedro.com.ar\/sitio\/wp-json\/wp\/v2\/tags?post=55699"}],"curies":[{"name":"wp","href":"https:\/\/api.w.org\/{rel}","templated":true}]}}