{"id":55694,"date":"2019-07-05T15:42:06","date_gmt":"2019-07-05T18:42:06","guid":{"rendered":"https:\/\/eldiariodesanpedro.com.ar\/sitio\/?p=55694"},"modified":"2019-07-05T15:55:27","modified_gmt":"2019-07-05T18:55:27","slug":"campana-balean-en-la-cabeza-a-un-delincuente-tras-intento-de-robo","status":"publish","type":"post","link":"https:\/\/eldiariodesanpedro.com.ar\/sitio\/campana-balean-en-la-cabeza-a-un-delincuente-tras-intento-de-robo\/","title":{"rendered":"CAMPANA: Balean en la cabeza a un delincuente tras intento de robo"},"content":{"rendered":"<!-- VideographyWP Plugin Message: Automatic video embedding prevented by plugin options. -->\n\n<p>Al parecer, quiso ingresar a una vivienda del B\u00b0 Los Pioneros junto a otros dos sujetos y una mujer. All\u00ed se produjo un intercambio de disparos con el due\u00f1o de casa, quien intentaba defender a su esposa. El malviviente cay\u00f3 con un disparo en la sien, y fue trasladado al Hospital donde permanece internado en estado delicado. <\/p>\n\n\n\n<p>\n\nUn intento de robo fue defendido a los tiros por el due\u00f1o de casa, y termin\u00f3 con un delincuente herido tras recibir un disparo en la cabeza.<\/p>\n\n\n\n<p>El hecho se produjo en una vivienda de Astelarra y Sapiritti del barrio Los Pioneros. Cuatro personas (entre las cuales hab\u00eda una mujer) habr\u00edan intentado ingresar al domicilio cuando la due\u00f1a de casa abr\u00eda el port\u00f3n para que su marido sacara la camioneta.<\/p>\n\n\n\n<p>Los ladrones lograron sujetar a la v\u00edctima, cuando el esposo reaccion\u00f3 y comenz\u00f3 a dispararles con un arma de fuego, hecho que fue respondido por los ladrones. Sin embargo, al intentar huir uno de los sujetos cay\u00f3 herido.<\/p>\n\n\n\n<p>De inmediato se dio aviso al 911, llegando el m\u00f3vil zona 7 del CP y otra unidad de la Polic\u00eda Local. All\u00ed comprobaron que el delincuente ten\u00eda una herida en la cabeza, a la altura de la sien, con orificio \u00fanicamente de entrada. Por ello, una ambulancia del Same lo deriv\u00f3 al Hospital en custodia de un patrullero.<\/p>\n\n\n\n<p>Efectivos de la Polic\u00eda Cient\u00edfica llegaron hasta el lugar, donde se incaut\u00f3 una pistola 9 mm cuya numeraci\u00f3n hab\u00eda sido limada, un chaleco antibalas, y elementos para cortar candados. Hasta el momento, el delincuente herido no ha sido identificado, y permanece en estado delicado en la Terapia Intensiva hospitalaria.<\/p>\n\n\n\n<p>Interviene en la causa el Dr. Mat\u00edas Ferreiros, titular de la UFI N\u00b02 Campana Z\u00e1rate. <\/p>\n\n\n\n<p>Fuente: Campana Noticias<\/p>\n","protected":false},"excerpt":{"rendered":"<p>Al parecer, quiso ingresar a una vivienda del B\u00b0 Los Pioneros junto a otros dos sujetos y una mujer. All\u00ed se produjo un intercambio de disparos con el due\u00f1o de casa, quien intentaba defender a su esposa. El malviviente cay\u00f3 con un disparo en la sien, y fue trasladado al Hospital donde permanece internado en [&hellip;]<\/p>\n","protected":false},"author":4,"featured_media":26677,"comment_status":"open","ping_status":"closed","sticky":false,"template":"","format":"standard","meta":{"om_disable_all_campaigns":false,"_jetpack_memberships_contains_paid_content":false,"footnotes":""},"categories":[621],"tags":[],"class_list":["post-55694","post","type-post","status-publish","format-standard","has-post-thumbnail","hentry","category-regionales"],"aioseo_notices":[],"gutentor_comment":0,"jetpack_featured_media_url":"https:\/\/eldiariodesanpedro.com.ar\/sitio\/wp-content\/uploads\/2017\/12\/patrullas-policia-noche.jpg","jetpack_shortlink":"https:\/\/wp.me\/p6RhLt-eui","jetpack_sharing_enabled":true,"_links":{"self":[{"href":"https:\/\/eldiariodesanpedro.com.ar\/sitio\/wp-json\/wp\/v2\/posts\/55694","targetHints":{"allow":["GET"]}}],"collection":[{"href":"https:\/\/eldiariodesanpedro.com.ar\/sitio\/wp-json\/wp\/v2\/posts"}],"about":[{"href":"https:\/\/eldiariodesanpedro.com.ar\/sitio\/wp-json\/wp\/v2\/types\/post"}],"author":[{"embeddable":true,"href":"https:\/\/eldiariodesanpedro.com.ar\/sitio\/wp-json\/wp\/v2\/users\/4"}],"replies":[{"embeddable":true,"href":"https:\/\/eldiariodesanpedro.com.ar\/sitio\/wp-json\/wp\/v2\/comments?post=55694"}],"version-history":[{"count":2,"href":"https:\/\/eldiariodesanpedro.com.ar\/sitio\/wp-json\/wp\/v2\/posts\/55694\/revisions"}],"predecessor-version":[{"id":55697,"href":"https:\/\/eldiariodesanpedro.com.ar\/sitio\/wp-json\/wp\/v2\/posts\/55694\/revisions\/55697"}],"wp:featuredmedia":[{"embeddable":true,"href":"https:\/\/eldiariodesanpedro.com.ar\/sitio\/wp-json\/wp\/v2\/media\/26677"}],"wp:attachment":[{"href":"https:\/\/eldiariodesanpedro.com.ar\/sitio\/wp-json\/wp\/v2\/media?parent=55694"}],"wp:term":[{"taxonomy":"category","embeddable":true,"href":"https:\/\/eldiariodesanpedro.com.ar\/sitio\/wp-json\/wp\/v2\/categories?post=55694"},{"taxonomy":"post_tag","embeddable":true,"href":"https:\/\/eldiariodesanpedro.com.ar\/sitio\/wp-json\/wp\/v2\/tags?post=55694"}],"curies":[{"name":"wp","href":"https:\/\/api.w.org\/{rel}","templated":true}]}}