{"id":55691,"date":"2019-07-05T15:40:10","date_gmt":"2019-07-05T18:40:10","guid":{"rendered":"https:\/\/eldiariodesanpedro.com.ar\/sitio\/?p=55691"},"modified":"2019-07-05T15:40:15","modified_gmt":"2019-07-05T18:40:15","slug":"baradero-no-hay-gente-en-situacion-de-calle","status":"publish","type":"post","link":"https:\/\/eldiariodesanpedro.com.ar\/sitio\/baradero-no-hay-gente-en-situacion-de-calle\/","title":{"rendered":"BARADERO: \u00abNo hay gente en situaci\u00f3n de calle\u00bb"},"content":{"rendered":"<!-- VideographyWP Plugin Message: Automatic video embedding prevented by plugin options. -->\n\n<p>Lo asegur\u00f3 la Directora de acci\u00f3n social, Pia Filipaldi, con respecto a la denuncia que estaba una persona durmiendo en la garita del hospital.<\/p>\n\n\n\n<p>\u00abCuando nos enteramos de esto,nos acercamos para chequear esta informaci\u00f3n, y no hab\u00eda nadie, la foto no era de ahora, y el personal del hospital nos aseguro que no hab\u00edan visto a nadie, ayer recorrimos las calles y fuimos nuevamente al lugar y no hab\u00eda nadie\u00bb, sostuvo la funcionaria .<\/p>\n\n\n\n<p>\u00abTambi\u00e9n se dijo que se tiraron alimentos al ri\u00f3\u2026 eso no es verdad nosotros no tiramos nada, cuando se recibe alguna donaci\u00f3n con vencimiento muy aproximado se entrega enseguida. Son todos dichos maliciosos, sin duda\u00bb, dijo luego.<\/p>\n\n\n\n<p>\u00abNosotros trabajamos con proyectos sociales, leche, galletitas, comedores, merenderos, roperos. Trabajamos fuerte en esta \u00e1rea\u00bb dijo al tiempo que sostuvo: \u00abPero la realidad es que no hay gente en situaci\u00f3n de calle en Baradero. El municipio cuenta con lugares para cobijar ante esta situaci\u00f3n\u00bb.<\/p>\n\n\n\n<p>\u00abSi la gente necesita ayuda en horas de la noche no contamos con una guardia nocturna, pero se pueden acercar a la comisaria al hospital y ellos se comunican con nosotros, as\u00ed accionamos ante la situaci\u00f3n\u00bb, finaliz\u00f3.<\/p>\n\n\n\n<p>Fuent: Tiempo Noticias<\/p>\n","protected":false},"excerpt":{"rendered":"<p>Lo asegur\u00f3 la Directora de acci\u00f3n social, Pia Filipaldi, con respecto a la denuncia que estaba una persona durmiendo en la garita del hospital. \u00abCuando nos enteramos de esto,nos acercamos para chequear esta informaci\u00f3n, y no hab\u00eda nadie, la foto no era de ahora, y el personal del hospital nos aseguro que no hab\u00edan visto [&hellip;]<\/p>\n","protected":false},"author":4,"featured_media":55692,"comment_status":"open","ping_status":"closed","sticky":false,"template":"","format":"standard","meta":{"om_disable_all_campaigns":false,"_jetpack_memberships_contains_paid_content":false,"footnotes":""},"categories":[621],"tags":[],"class_list":["post-55691","post","type-post","status-publish","format-standard","has-post-thumbnail","hentry","category-regionales"],"aioseo_notices":[],"gutentor_comment":0,"jetpack_featured_media_url":"https:\/\/eldiariodesanpedro.com.ar\/sitio\/wp-content\/uploads\/2019\/07\/descarga-400x281-400x281.jpg","jetpack_shortlink":"https:\/\/wp.me\/p6RhLt-euf","jetpack_sharing_enabled":true,"_links":{"self":[{"href":"https:\/\/eldiariodesanpedro.com.ar\/sitio\/wp-json\/wp\/v2\/posts\/55691","targetHints":{"allow":["GET"]}}],"collection":[{"href":"https:\/\/eldiariodesanpedro.com.ar\/sitio\/wp-json\/wp\/v2\/posts"}],"about":[{"href":"https:\/\/eldiariodesanpedro.com.ar\/sitio\/wp-json\/wp\/v2\/types\/post"}],"author":[{"embeddable":true,"href":"https:\/\/eldiariodesanpedro.com.ar\/sitio\/wp-json\/wp\/v2\/users\/4"}],"replies":[{"embeddable":true,"href":"https:\/\/eldiariodesanpedro.com.ar\/sitio\/wp-json\/wp\/v2\/comments?post=55691"}],"version-history":[{"count":1,"href":"https:\/\/eldiariodesanpedro.com.ar\/sitio\/wp-json\/wp\/v2\/posts\/55691\/revisions"}],"predecessor-version":[{"id":55693,"href":"https:\/\/eldiariodesanpedro.com.ar\/sitio\/wp-json\/wp\/v2\/posts\/55691\/revisions\/55693"}],"wp:featuredmedia":[{"embeddable":true,"href":"https:\/\/eldiariodesanpedro.com.ar\/sitio\/wp-json\/wp\/v2\/media\/55692"}],"wp:attachment":[{"href":"https:\/\/eldiariodesanpedro.com.ar\/sitio\/wp-json\/wp\/v2\/media?parent=55691"}],"wp:term":[{"taxonomy":"category","embeddable":true,"href":"https:\/\/eldiariodesanpedro.com.ar\/sitio\/wp-json\/wp\/v2\/categories?post=55691"},{"taxonomy":"post_tag","embeddable":true,"href":"https:\/\/eldiariodesanpedro.com.ar\/sitio\/wp-json\/wp\/v2\/tags?post=55691"}],"curies":[{"name":"wp","href":"https:\/\/api.w.org\/{rel}","templated":true}]}}