{"id":5569,"date":"2016-06-20T18:22:13","date_gmt":"2016-06-20T21:22:13","guid":{"rendered":"https:\/\/eldiariodesanpedro.com.ar\/sitio\/?p=5569"},"modified":"2016-06-20T18:22:13","modified_gmt":"2016-06-20T21:22:13","slug":"el-grupo-conservacionista-fue-invitado-a-exponer-en-la-ciudad-de-mercedes","status":"publish","type":"post","link":"https:\/\/eldiariodesanpedro.com.ar\/sitio\/el-grupo-conservacionista-fue-invitado-a-exponer-en-la-ciudad-de-mercedes\/","title":{"rendered":"El Grupo Conservacionista fue invitado a exponer en la ciudad de Mercedes"},"content":{"rendered":"<p><!-- VideographyWP Plugin Message: Automatic video embedding prevented by plugin options. --><br \/>\nDurante todo el d\u00eda viernes 17 se desarroll\u00f3, en la ciudad de Mercedes, la Jornada \u201cCiencia, Historia y Patrimonio\u201d, organizada por el Museo de Ciencias Naturales \u201cCarlos Ameghino\u201d, su Asociaci\u00f3n de Amigos, la Secretar\u00eda de Investigaci\u00f3n y Vinculaci\u00f3n del Departamento de Ciencias Sociales y el Instituto de Investigaciones Geogr\u00e1ficas de la Universidad Nacional de Luj\u00e1n.<br \/>\nEste importante evento, auspiciado por la Municipalidad de Mercedes, se dio en el marco del 151\u00ba aniversario del nacimiento de Carlos Ameghino, patrono del Museo mercedino y uno de los paleont\u00f3logos hist\u00f3ricos m\u00e1s trascendentes de nuestro pa\u00eds.<br \/>\nEn este contexto, el Grupo Conservacionista de F\u00f3siles, equipo fundador del Museo Paleontol\u00f3gico de San Pedro, fue invitado a presentar su ponencia \u201cREPUBLICANO: HALLAZGO DE UN NAV\u00cdO HIST\u00d3RICO\u201d, en referencia al descubrimiento del buque hundido durante la Batalla de Obligado, localizado en octubre de 2015 por el equipo del Museo sampedrino.<br \/>\nFrente a representantes de diferentes museos, instituciones y centros de investigaci\u00f3n de numerosas localidades de la provincia, los sampedrinos expusieron detalles, datos t\u00e9cnicos, im\u00e1genes y los pasos dados en lo que respecta a uno de los hallazgos m\u00e1s importantes de la historia naval argentina.<br \/>\nUna vez m\u00e1s, San Pedro y sus bienes culturales fueron protagonistas en un \u00e1mbito de difusi\u00f3n patrimonial, poniendo en valor las valiosas tem\u00e1ticas que poseen nuestro partido y sus localidades.<br \/>\nEn ese sentido, la presencia en estos \u00e1mbitos sirve para difundir y dar a conocer nuestra ciudad y, muy especialmente, el sitio de Vuelta de Obligado, sus tesoros hist\u00f3ricos, su ambiente natural y su gente.<br \/>\nLa delegaci\u00f3n del Museo Paleontol\u00f3gico estuvo integrada por Jos\u00e9 Ignacio Verd\u00f3n, Jos\u00e9 Luis Aguilar, Javier Saucedo y Julio Simonini.<br \/>\nDesde la entidad se agradece muy especialmente al Lic. Gabriel Acu\u00f1a Su\u00e1rez y dem\u00e1s organizadores del evento por la gentil invitaci\u00f3n.<\/p>\n","protected":false},"excerpt":{"rendered":"<p>Durante todo el d\u00eda viernes 17 se desarroll\u00f3, en la ciudad de Mercedes, la Jornada \u201cCiencia, Historia y Patrimonio\u201d, organizada por el Museo de Ciencias Naturales \u201cCarlos Ameghino\u201d, su Asociaci\u00f3n de Amigos, la Secretar\u00eda de Investigaci\u00f3n y Vinculaci\u00f3n del Departamento de Ciencias Sociales y el Instituto de Investigaciones Geogr\u00e1ficas de la Universidad Nacional de Luj\u00e1n. [&hellip;]<\/p>\n","protected":false},"author":4,"featured_media":5570,"comment_status":"open","ping_status":"closed","sticky":false,"template":"","format":"standard","meta":{"om_disable_all_campaigns":false,"_jetpack_memberships_contains_paid_content":false,"footnotes":""},"categories":[101,2],"tags":[],"class_list":["post-5569","post","type-post","status-publish","format-standard","has-post-thumbnail","hentry","category-interes-general-locales","category-locales"],"aioseo_notices":[],"gutentor_comment":0,"jetpack_featured_media_url":"https:\/\/eldiariodesanpedro.com.ar\/sitio\/wp-content\/uploads\/2016\/06\/PAGINA-6-02-1.jpeg","jetpack_shortlink":"https:\/\/wp.me\/p6RhLt-1rP","jetpack_sharing_enabled":true,"_links":{"self":[{"href":"https:\/\/eldiariodesanpedro.com.ar\/sitio\/wp-json\/wp\/v2\/posts\/5569","targetHints":{"allow":["GET"]}}],"collection":[{"href":"https:\/\/eldiariodesanpedro.com.ar\/sitio\/wp-json\/wp\/v2\/posts"}],"about":[{"href":"https:\/\/eldiariodesanpedro.com.ar\/sitio\/wp-json\/wp\/v2\/types\/post"}],"author":[{"embeddable":true,"href":"https:\/\/eldiariodesanpedro.com.ar\/sitio\/wp-json\/wp\/v2\/users\/4"}],"replies":[{"embeddable":true,"href":"https:\/\/eldiariodesanpedro.com.ar\/sitio\/wp-json\/wp\/v2\/comments?post=5569"}],"version-history":[{"count":1,"href":"https:\/\/eldiariodesanpedro.com.ar\/sitio\/wp-json\/wp\/v2\/posts\/5569\/revisions"}],"predecessor-version":[{"id":5571,"href":"https:\/\/eldiariodesanpedro.com.ar\/sitio\/wp-json\/wp\/v2\/posts\/5569\/revisions\/5571"}],"wp:featuredmedia":[{"embeddable":true,"href":"https:\/\/eldiariodesanpedro.com.ar\/sitio\/wp-json\/wp\/v2\/media\/5570"}],"wp:attachment":[{"href":"https:\/\/eldiariodesanpedro.com.ar\/sitio\/wp-json\/wp\/v2\/media?parent=5569"}],"wp:term":[{"taxonomy":"category","embeddable":true,"href":"https:\/\/eldiariodesanpedro.com.ar\/sitio\/wp-json\/wp\/v2\/categories?post=5569"},{"taxonomy":"post_tag","embeddable":true,"href":"https:\/\/eldiariodesanpedro.com.ar\/sitio\/wp-json\/wp\/v2\/tags?post=5569"}],"curies":[{"name":"wp","href":"https:\/\/api.w.org\/{rel}","templated":true}]}}