{"id":55685,"date":"2019-07-05T09:58:36","date_gmt":"2019-07-05T12:58:36","guid":{"rendered":"https:\/\/eldiariodesanpedro.com.ar\/sitio\/?p=55685"},"modified":"2019-07-05T09:58:40","modified_gmt":"2019-07-05T12:58:40","slug":"ate-gustavo-gauna-seguira-liderando-la-seccional","status":"publish","type":"post","link":"https:\/\/eldiariodesanpedro.com.ar\/sitio\/ate-gustavo-gauna-seguira-liderando-la-seccional\/","title":{"rendered":"ATE: Gustavo Gauna seguir\u00e1 liderando la seccional"},"content":{"rendered":"<!-- VideographyWP Plugin Message: Automatic video embedding prevented by plugin options. -->\n\n<p>Este jueves por la tarde noche se realizo una conferencia en la sede la misma donde se present\u00f3 la lista verde para las elecciones de ATE, con Gustavo Gauna al frente.<\/p>\n\n\n\n<p>El 7 de agosto ser\u00e1n las elecciones internas en todos los niveles. Se elegir\u00e1n los integrantes de las nuevas comisiones del Consejo Directivo Nacional, el Provincial y las seccionales.\u00a0<br><\/p>\n\n\n\n<p>Los integrantes de la nueva comisi\u00f3n directiva son los siguientes:<br><\/p>\n\n\n\n<p>Gustavo Fabi\u00e1n Gauna: Secretario General<br>Karen Silvina Ramallo: Secretario General Adjunto<br>Juan Carlos Molina: Secretario Administrativo<br>Carlos Lischetti: Secretario Gremial<br>Marcelo Fabi\u00e1n Diez: Pro Secretario Gremial<br>Mar\u00eda Rosana Scarpino: Secretario de Organizaci\u00f3n<br>Sergio Omar Lucena: Secretario de Prensa y Propaganda<br>Stella Maris Molina: Secretario de Acci\u00f3n Social<br>Laura Karina Gonz\u00e1lez: Secretario Turismo, Dep. y Cultura.<br>Mar\u00eda Luj\u00e1n Peralta: Secretario de Finanzas<br>Jos\u00e9 \u00c1ngel Grossi: Pro Secretario de Finanzas<br>Macarena Belo Perazzo: 1\u00b0 Vocal<br>Mario Alberto Albornos: 2\u00b0 Vocal<br>Carlos Mart\u00edn Tr\u00e1nsito: 3\u00b0 Vocal<br>Leonardo Nicol\u00e1s Calabressi: 4\u00b0 Vocal<br>Elsa Beatriz Gallegos: 5\u00b0 Vocal<br>Juan Pablo Balladares: 6\u00b0 Vocal<br>Mar\u00eda del Carmen Alegre: 7\u00b0 Vocal<br>Orlando Ram\u00f3n Machado: Revisor de Cuentas Titular<br>Luc\u00eda Soledad Mora: Revisor de Cuentas Titular<br>Griselda Vanina Parra:\u00a0 Revisor de Cuentas Titular<br>Mar\u00eda Alejandra Arreyes: Revisor de Cuentas Suplente<br>Rodolfo Esteb\u00e1n Gomez: Revisor de Cuentas Suplente<br>Hern\u00e1n H\u00e9ctor Bertora: Revisor de Cuentas Suplente<br><\/p>\n","protected":false},"excerpt":{"rendered":"<p>Este jueves por la tarde noche se realizo una conferencia en la sede la misma donde se present\u00f3 la lista verde para las elecciones de ATE, con Gustavo Gauna al frente. El 7 de agosto ser\u00e1n las elecciones internas en todos los niveles. Se elegir\u00e1n los integrantes de las nuevas comisiones del Consejo Directivo Nacional, [&hellip;]<\/p>\n","protected":false},"author":4,"featured_media":55686,"comment_status":"open","ping_status":"closed","sticky":false,"template":"","format":"standard","meta":{"om_disable_all_campaigns":false,"_jetpack_memberships_contains_paid_content":false,"footnotes":""},"categories":[2,102],"tags":[],"class_list":["post-55685","post","type-post","status-publish","format-standard","has-post-thumbnail","hentry","category-locales","category-politica-locales"],"aioseo_notices":[],"gutentor_comment":0,"jetpack_featured_media_url":"https:\/\/eldiariodesanpedro.com.ar\/sitio\/wp-content\/uploads\/2019\/07\/20190704_180919.jpg","jetpack_shortlink":"https:\/\/wp.me\/p6RhLt-eu9","jetpack_sharing_enabled":true,"_links":{"self":[{"href":"https:\/\/eldiariodesanpedro.com.ar\/sitio\/wp-json\/wp\/v2\/posts\/55685","targetHints":{"allow":["GET"]}}],"collection":[{"href":"https:\/\/eldiariodesanpedro.com.ar\/sitio\/wp-json\/wp\/v2\/posts"}],"about":[{"href":"https:\/\/eldiariodesanpedro.com.ar\/sitio\/wp-json\/wp\/v2\/types\/post"}],"author":[{"embeddable":true,"href":"https:\/\/eldiariodesanpedro.com.ar\/sitio\/wp-json\/wp\/v2\/users\/4"}],"replies":[{"embeddable":true,"href":"https:\/\/eldiariodesanpedro.com.ar\/sitio\/wp-json\/wp\/v2\/comments?post=55685"}],"version-history":[{"count":1,"href":"https:\/\/eldiariodesanpedro.com.ar\/sitio\/wp-json\/wp\/v2\/posts\/55685\/revisions"}],"predecessor-version":[{"id":55687,"href":"https:\/\/eldiariodesanpedro.com.ar\/sitio\/wp-json\/wp\/v2\/posts\/55685\/revisions\/55687"}],"wp:featuredmedia":[{"embeddable":true,"href":"https:\/\/eldiariodesanpedro.com.ar\/sitio\/wp-json\/wp\/v2\/media\/55686"}],"wp:attachment":[{"href":"https:\/\/eldiariodesanpedro.com.ar\/sitio\/wp-json\/wp\/v2\/media?parent=55685"}],"wp:term":[{"taxonomy":"category","embeddable":true,"href":"https:\/\/eldiariodesanpedro.com.ar\/sitio\/wp-json\/wp\/v2\/categories?post=55685"},{"taxonomy":"post_tag","embeddable":true,"href":"https:\/\/eldiariodesanpedro.com.ar\/sitio\/wp-json\/wp\/v2\/tags?post=55685"}],"curies":[{"name":"wp","href":"https:\/\/api.w.org\/{rel}","templated":true}]}}