{"id":55674,"date":"2019-07-05T09:11:34","date_gmt":"2019-07-05T12:11:34","guid":{"rendered":"https:\/\/eldiariodesanpedro.com.ar\/sitio\/?p=55674"},"modified":"2019-07-05T09:11:39","modified_gmt":"2019-07-05T12:11:39","slug":"victoria-amatriain-fue-trasladada-en-un-helicoptero-sanitario-al-hospital-italiano","status":"publish","type":"post","link":"https:\/\/eldiariodesanpedro.com.ar\/sitio\/victoria-amatriain-fue-trasladada-en-un-helicoptero-sanitario-al-hospital-italiano\/","title":{"rendered":"Victoria Amatriain fue trasladada en un helic\u00f3ptero sanitario al Hospital Italiano"},"content":{"rendered":"<!-- VideographyWP Plugin Message: Automatic video embedding prevented by plugin options. -->\n\n<p>Sucedi\u00f3 por la noche de este jueves, a las 22 y 30 horas el helic\u00f3ptero estaba despegando desde el Estadio Municipal hacia el reconocido nosocomio.<\/p>\n\n\n\n<p>\n\nAmatrian fue intervenida quir\u00fargicamente en la madrugada del jueves por los m\u00e9dicos Salgado y&nbsp;Tuero, la misma fue exitosa y tuvo una evoluci\u00f3n favorable con el paso de las horas, aunque no pudieron extraerle la bala que afect\u00f3 el h\u00edgado e intestinos.&nbsp;\n\n<\/p>\n\n\n\n<p>El Secretario de Salud, Dr Guillermo Sancho destac\u00f3 el trabajo de todo el personal del Hospital y del equipo m\u00e9dico de salud, a la provincia que respondi\u00f3 r\u00e1pidamente para la derivaci\u00f3n y a la familia por aguardar la espera con tranquilidad.<\/p>\n\n\n\n<p>Victoria ya se encuentra en el Centro de Mayor Complejidad  donde se podr\u00e1 seguir estudiando el caso con especialistas y nuevos estudios que en nuestra ciudad no tenemos.<\/p>\n\n\n\n<p>Imagen de portada: Gentileza San Pedro Informa<\/p>\n","protected":false},"excerpt":{"rendered":"<p>Sucedi\u00f3 por la noche de este jueves, a las 22 y 30 horas el helic\u00f3ptero estaba despegando desde el Estadio Municipal hacia el reconocido nosocomio. Amatrian fue intervenida quir\u00fargicamente en la madrugada del jueves por los m\u00e9dicos Salgado y&nbsp;Tuero, la misma fue exitosa y tuvo una evoluci\u00f3n favorable con el paso de las horas, aunque [&hellip;]<\/p>\n","protected":false},"author":4,"featured_media":55675,"comment_status":"open","ping_status":"closed","sticky":false,"template":"","format":"standard","meta":{"om_disable_all_campaigns":false,"_jetpack_memberships_contains_paid_content":false,"footnotes":""},"categories":[50,2,103],"tags":[],"class_list":["post-55674","post","type-post","status-publish","format-standard","has-post-thumbnail","hentry","category-destacadas","category-locales","category-policiales-locales"],"aioseo_notices":[],"gutentor_comment":0,"jetpack_featured_media_url":"https:\/\/eldiariodesanpedro.com.ar\/sitio\/wp-content\/uploads\/2019\/07\/65731467_2818653791484594_2341413778035310592_o.jpg","jetpack_shortlink":"https:\/\/wp.me\/p6RhLt-etY","jetpack_sharing_enabled":true,"_links":{"self":[{"href":"https:\/\/eldiariodesanpedro.com.ar\/sitio\/wp-json\/wp\/v2\/posts\/55674","targetHints":{"allow":["GET"]}}],"collection":[{"href":"https:\/\/eldiariodesanpedro.com.ar\/sitio\/wp-json\/wp\/v2\/posts"}],"about":[{"href":"https:\/\/eldiariodesanpedro.com.ar\/sitio\/wp-json\/wp\/v2\/types\/post"}],"author":[{"embeddable":true,"href":"https:\/\/eldiariodesanpedro.com.ar\/sitio\/wp-json\/wp\/v2\/users\/4"}],"replies":[{"embeddable":true,"href":"https:\/\/eldiariodesanpedro.com.ar\/sitio\/wp-json\/wp\/v2\/comments?post=55674"}],"version-history":[{"count":1,"href":"https:\/\/eldiariodesanpedro.com.ar\/sitio\/wp-json\/wp\/v2\/posts\/55674\/revisions"}],"predecessor-version":[{"id":55676,"href":"https:\/\/eldiariodesanpedro.com.ar\/sitio\/wp-json\/wp\/v2\/posts\/55674\/revisions\/55676"}],"wp:featuredmedia":[{"embeddable":true,"href":"https:\/\/eldiariodesanpedro.com.ar\/sitio\/wp-json\/wp\/v2\/media\/55675"}],"wp:attachment":[{"href":"https:\/\/eldiariodesanpedro.com.ar\/sitio\/wp-json\/wp\/v2\/media?parent=55674"}],"wp:term":[{"taxonomy":"category","embeddable":true,"href":"https:\/\/eldiariodesanpedro.com.ar\/sitio\/wp-json\/wp\/v2\/categories?post=55674"},{"taxonomy":"post_tag","embeddable":true,"href":"https:\/\/eldiariodesanpedro.com.ar\/sitio\/wp-json\/wp\/v2\/tags?post=55674"}],"curies":[{"name":"wp","href":"https:\/\/api.w.org\/{rel}","templated":true}]}}