{"id":5566,"date":"2016-06-20T18:21:29","date_gmt":"2016-06-20T21:21:29","guid":{"rendered":"https:\/\/eldiariodesanpedro.com.ar\/sitio\/?p=5566"},"modified":"2016-06-20T18:21:29","modified_gmt":"2016-06-20T21:21:29","slug":"vecinos-impulsan-la-posibilidad-de-concretar-un-hospital-veterinario-publico","status":"publish","type":"post","link":"https:\/\/eldiariodesanpedro.com.ar\/sitio\/vecinos-impulsan-la-posibilidad-de-concretar-un-hospital-veterinario-publico\/","title":{"rendered":"Vecinos impulsan la posibilidad de concretar un Hospital Veterinario P\u00fablico"},"content":{"rendered":"<p><!-- VideographyWP Plugin Message: Automatic video embedding prevented by plugin options. --><br \/>\nEl Municipio acompa\u00f1a la iniciativa de un grupo de vecinos involucrados con los derechos de los animales. \u201cHace un par de d\u00edas nos visitaron en el despacho Cecilia y Celeste, y vinieron con una inquietud que a nosotros tambi\u00e9n nos preocupa, que hacemos con los perros que andan en la calle?\u201d, explic\u00f3 Salazar a trav\u00e9s de su p\u00e1gina de Facebook.<br \/>\nY en ese sentido agreg\u00f3: \u201cCecilia tiene en su casa m\u00e1s de 80 amiguitos que no ten\u00edan hogar, y ella acondicion\u00f3 el patio de su casa para darles un lugar, la fuimos a visitar, nos present\u00f3 a sus amigos y nos cont\u00f3 una muy buena idea, que es poder hacer un Hospital Veterinario P\u00fablico, donde se puedan hacer castraciones a muy bajo costo y asistir a las mascotas de los vecinos, estamos totalmente de acuerdo, nos encanta la idea y ya estamos en movimiento para poder llevarla adelante, en la mirada de las mascotas se reflejan nuestros sentimientos, juntos podemos\u201d.<\/p>\n","protected":false},"excerpt":{"rendered":"<p>El Municipio acompa\u00f1a la iniciativa de un grupo de vecinos involucrados con los derechos de los animales. \u201cHace un par de d\u00edas nos visitaron en el despacho Cecilia y Celeste, y vinieron con una inquietud que a nosotros tambi\u00e9n nos preocupa, que hacemos con los perros que andan en la calle?\u201d, explic\u00f3 Salazar a trav\u00e9s [&hellip;]<\/p>\n","protected":false},"author":4,"featured_media":5567,"comment_status":"open","ping_status":"closed","sticky":false,"template":"","format":"standard","meta":{"om_disable_all_campaigns":false,"_jetpack_memberships_contains_paid_content":false,"footnotes":""},"categories":[2,102],"tags":[],"class_list":["post-5566","post","type-post","status-publish","format-standard","has-post-thumbnail","hentry","category-locales","category-politica-locales"],"aioseo_notices":[],"gutentor_comment":0,"jetpack_featured_media_url":"https:\/\/eldiariodesanpedro.com.ar\/sitio\/wp-content\/uploads\/2016\/06\/PAGINA-6-01.jpg","jetpack_shortlink":"https:\/\/wp.me\/p6RhLt-1rM","jetpack_sharing_enabled":true,"_links":{"self":[{"href":"https:\/\/eldiariodesanpedro.com.ar\/sitio\/wp-json\/wp\/v2\/posts\/5566","targetHints":{"allow":["GET"]}}],"collection":[{"href":"https:\/\/eldiariodesanpedro.com.ar\/sitio\/wp-json\/wp\/v2\/posts"}],"about":[{"href":"https:\/\/eldiariodesanpedro.com.ar\/sitio\/wp-json\/wp\/v2\/types\/post"}],"author":[{"embeddable":true,"href":"https:\/\/eldiariodesanpedro.com.ar\/sitio\/wp-json\/wp\/v2\/users\/4"}],"replies":[{"embeddable":true,"href":"https:\/\/eldiariodesanpedro.com.ar\/sitio\/wp-json\/wp\/v2\/comments?post=5566"}],"version-history":[{"count":1,"href":"https:\/\/eldiariodesanpedro.com.ar\/sitio\/wp-json\/wp\/v2\/posts\/5566\/revisions"}],"predecessor-version":[{"id":5568,"href":"https:\/\/eldiariodesanpedro.com.ar\/sitio\/wp-json\/wp\/v2\/posts\/5566\/revisions\/5568"}],"wp:featuredmedia":[{"embeddable":true,"href":"https:\/\/eldiariodesanpedro.com.ar\/sitio\/wp-json\/wp\/v2\/media\/5567"}],"wp:attachment":[{"href":"https:\/\/eldiariodesanpedro.com.ar\/sitio\/wp-json\/wp\/v2\/media?parent=5566"}],"wp:term":[{"taxonomy":"category","embeddable":true,"href":"https:\/\/eldiariodesanpedro.com.ar\/sitio\/wp-json\/wp\/v2\/categories?post=5566"},{"taxonomy":"post_tag","embeddable":true,"href":"https:\/\/eldiariodesanpedro.com.ar\/sitio\/wp-json\/wp\/v2\/tags?post=5566"}],"curies":[{"name":"wp","href":"https:\/\/api.w.org\/{rel}","templated":true}]}}