{"id":55659,"date":"2019-07-04T18:53:26","date_gmt":"2019-07-04T21:53:26","guid":{"rendered":"https:\/\/eldiariodesanpedro.com.ar\/sitio\/?p=55659"},"modified":"2019-07-04T18:53:30","modified_gmt":"2019-07-04T21:53:30","slug":"robo-a-la-familia-alsogaray-allanamientos-negativos-tras-principal-sospechoso","status":"publish","type":"post","link":"https:\/\/eldiariodesanpedro.com.ar\/sitio\/robo-a-la-familia-alsogaray-allanamientos-negativos-tras-principal-sospechoso\/","title":{"rendered":"Robo a la familia Alsogaray: Allanamientos negativos tras principal sospechoso"},"content":{"rendered":"<!-- VideographyWP Plugin Message: Automatic video embedding prevented by plugin options. -->\n\n<p>Este jueves pasada horas del mediod\u00eda, tras tareas investigativas personal de DDI, Jefatura Departamental GAD San Nicol\u00e1s y Comisaria llevaron adelante procedimientos a requerimiento del juez Rom\u00e1n Parodi, de la Fiscal\u00eda N1, quien se encuentra a cargo del caso.<\/p>\n\n\n\n<p>Tras un principal sospechoso, se realizaron dos allanamientos en viviendas ubicadas sobre la ruta 1001, antes de llegar a Tala. <\/p>\n\n\n\n<ul class=\"wp-block-gallery columns-2 is-cropped wp-block-gallery-1 is-layout-flex wp-block-gallery-is-layout-flex\"><li class=\"blocks-gallery-item\"><figure><img decoding=\"async\" width=\"510\" height=\"287\" data-attachment-id=\"55661\" data-permalink=\"https:\/\/eldiariodesanpedro.com.ar\/sitio\/robo-a-la-familia-alsogaray-allanamientos-negativos-tras-principal-sospechoso\/66017466_410577862884834_5288447313792991232_n-2\/\" data-orig-file=\"https:\/\/eldiariodesanpedro.com.ar\/sitio\/wp-content\/uploads\/2019\/07\/66017466_410577862884834_5288447313792991232_n-1-e1562276884524.jpg\" data-orig-size=\"510,287\" data-comments-opened=\"1\" data-image-meta=\"{&quot;aperture&quot;:&quot;0&quot;,&quot;credit&quot;:&quot;Picasa&quot;,&quot;camera&quot;:&quot;&quot;,&quot;caption&quot;:&quot;&quot;,&quot;created_timestamp&quot;:&quot;1562276585&quot;,&quot;copyright&quot;:&quot;&quot;,&quot;focal_length&quot;:&quot;0&quot;,&quot;iso&quot;:&quot;0&quot;,&quot;shutter_speed&quot;:&quot;0&quot;,&quot;title&quot;:&quot;&quot;,&quot;orientation&quot;:&quot;0&quot;}\" data-image-title=\"66017466_410577862884834_5288447313792991232_n\" data-image-description=\"\" data-image-caption=\"\" data-large-file=\"https:\/\/eldiariodesanpedro.com.ar\/sitio\/wp-content\/uploads\/2019\/07\/66017466_410577862884834_5288447313792991232_n-1-e1562276884524.jpg\" data-src=\"https:\/\/eldiariodesanpedro.com.ar\/sitio\/wp-content\/uploads\/2019\/07\/66017466_410577862884834_5288447313792991232_n-1-e1562276884524.jpg\" alt=\"\" data-id=\"55661\" data-link=\"https:\/\/eldiariodesanpedro.com.ar\/sitio\/?attachment_id=55661\" class=\"wp-image-55661 lazyload\" src=\"data:image\/svg+xml;base64,PHN2ZyB3aWR0aD0iMSIgaGVpZ2h0PSIxIiB4bWxucz0iaHR0cDovL3d3dy53My5vcmcvMjAwMC9zdmciPjwvc3ZnPg==\" style=\"--smush-placeholder-width: 510px; --smush-placeholder-aspect-ratio: 510\/287;\" \/><\/figure><\/li><li class=\"blocks-gallery-item\"><figure><img decoding=\"async\" width=\"1024\" height=\"576\" data-attachment-id=\"55662\" data-permalink=\"https:\/\/eldiariodesanpedro.com.ar\/sitio\/robo-a-la-familia-alsogaray-allanamientos-negativos-tras-principal-sospechoso\/66057213_481414829273271_6977341923321184256_n\/\" data-orig-file=\"https:\/\/eldiariodesanpedro.com.ar\/sitio\/wp-content\/uploads\/2019\/07\/66057213_481414829273271_6977341923321184256_n.jpg\" data-orig-size=\"3640,2048\" data-comments-opened=\"1\" data-image-meta=\"{&quot;aperture&quot;:&quot;0&quot;,&quot;credit&quot;:&quot;&quot;,&quot;camera&quot;:&quot;&quot;,&quot;caption&quot;:&quot;&quot;,&quot;created_timestamp&quot;:&quot;0&quot;,&quot;copyright&quot;:&quot;&quot;,&quot;focal_length&quot;:&quot;0&quot;,&quot;iso&quot;:&quot;0&quot;,&quot;shutter_speed&quot;:&quot;0&quot;,&quot;title&quot;:&quot;&quot;,&quot;orientation&quot;:&quot;0&quot;}\" data-image-title=\"66057213_481414829273271_6977341923321184256_n\" data-image-description=\"\" data-image-caption=\"\" data-large-file=\"https:\/\/eldiariodesanpedro.com.ar\/sitio\/wp-content\/uploads\/2019\/07\/66057213_481414829273271_6977341923321184256_n-1024x576.jpg\" data-src=\"https:\/\/eldiariodesanpedro.com.ar\/sitio\/wp-content\/uploads\/2019\/07\/66057213_481414829273271_6977341923321184256_n-1024x576.jpg\" alt=\"\" data-id=\"55662\" data-link=\"https:\/\/eldiariodesanpedro.com.ar\/sitio\/?attachment_id=55662\" class=\"wp-image-55662 lazyload\" data-srcset=\"https:\/\/eldiariodesanpedro.com.ar\/sitio\/wp-content\/uploads\/2019\/07\/66057213_481414829273271_6977341923321184256_n-1024x576.jpg 1024w, https:\/\/eldiariodesanpedro.com.ar\/sitio\/wp-content\/uploads\/2019\/07\/66057213_481414829273271_6977341923321184256_n-300x169.jpg 300w, https:\/\/eldiariodesanpedro.com.ar\/sitio\/wp-content\/uploads\/2019\/07\/66057213_481414829273271_6977341923321184256_n-768x432.jpg 768w\" data-sizes=\"(max-width: 1024px) 100vw, 1024px\" src=\"data:image\/svg+xml;base64,PHN2ZyB3aWR0aD0iMSIgaGVpZ2h0PSIxIiB4bWxucz0iaHR0cDovL3d3dy53My5vcmcvMjAwMC9zdmciPjwvc3ZnPg==\" style=\"--smush-placeholder-width: 1024px; --smush-placeholder-aspect-ratio: 1024\/576;\" \/><\/figure><\/li><\/ul>\n\n\n\n<p>All\u00ed los resultados fueron negativos, descartando al principal como autor del hecho.<\/p>\n\n\n\n<p>Este sujeto ser\u00eda un conocido de la familia quien habr\u00eda circulado de su persona por redes sociales y wasap, los efectivos no le encontraron un rasgu\u00f1o en su cara y la diligencia en su vivienda dio negativa.<br><\/p>\n\n\n\n<p>Siguen las tareas investigativas a profundizar el caso que conmocion\u00f3 a nuestra ciudad, con una pareja baleada e internada una de ellas en estado de gravedad.<\/p>\n","protected":false},"excerpt":{"rendered":"<p>Este jueves pasada horas del mediod\u00eda, tras tareas investigativas personal de DDI, Jefatura Departamental GAD San Nicol\u00e1s y Comisaria llevaron adelante procedimientos a requerimiento del juez Rom\u00e1n Parodi, de la Fiscal\u00eda N1, quien se encuentra a cargo del caso. Tras un principal sospechoso, se realizaron dos allanamientos en viviendas ubicadas sobre la ruta 1001, antes [&hellip;]<\/p>\n","protected":false},"author":4,"featured_media":55660,"comment_status":"open","ping_status":"closed","sticky":false,"template":"","format":"standard","meta":{"om_disable_all_campaigns":false,"_jetpack_memberships_contains_paid_content":false,"footnotes":""},"categories":[50,2,103],"tags":[],"class_list":["post-55659","post","type-post","status-publish","format-standard","has-post-thumbnail","hentry","category-destacadas","category-locales","category-policiales-locales"],"aioseo_notices":[],"gutentor_comment":0,"jetpack_featured_media_url":"https:\/\/eldiariodesanpedro.com.ar\/sitio\/wp-content\/uploads\/2019\/07\/66017466_410577862884834_5288447313792991232_n-e1562277106563.jpg","jetpack_shortlink":"https:\/\/wp.me\/p6RhLt-etJ","jetpack_sharing_enabled":true,"_links":{"self":[{"href":"https:\/\/eldiariodesanpedro.com.ar\/sitio\/wp-json\/wp\/v2\/posts\/55659","targetHints":{"allow":["GET"]}}],"collection":[{"href":"https:\/\/eldiariodesanpedro.com.ar\/sitio\/wp-json\/wp\/v2\/posts"}],"about":[{"href":"https:\/\/eldiariodesanpedro.com.ar\/sitio\/wp-json\/wp\/v2\/types\/post"}],"author":[{"embeddable":true,"href":"https:\/\/eldiariodesanpedro.com.ar\/sitio\/wp-json\/wp\/v2\/users\/4"}],"replies":[{"embeddable":true,"href":"https:\/\/eldiariodesanpedro.com.ar\/sitio\/wp-json\/wp\/v2\/comments?post=55659"}],"version-history":[{"count":1,"href":"https:\/\/eldiariodesanpedro.com.ar\/sitio\/wp-json\/wp\/v2\/posts\/55659\/revisions"}],"predecessor-version":[{"id":55663,"href":"https:\/\/eldiariodesanpedro.com.ar\/sitio\/wp-json\/wp\/v2\/posts\/55659\/revisions\/55663"}],"wp:featuredmedia":[{"embeddable":true,"href":"https:\/\/eldiariodesanpedro.com.ar\/sitio\/wp-json\/wp\/v2\/media\/55660"}],"wp:attachment":[{"href":"https:\/\/eldiariodesanpedro.com.ar\/sitio\/wp-json\/wp\/v2\/media?parent=55659"}],"wp:term":[{"taxonomy":"category","embeddable":true,"href":"https:\/\/eldiariodesanpedro.com.ar\/sitio\/wp-json\/wp\/v2\/categories?post=55659"},{"taxonomy":"post_tag","embeddable":true,"href":"https:\/\/eldiariodesanpedro.com.ar\/sitio\/wp-json\/wp\/v2\/tags?post=55659"}],"curies":[{"name":"wp","href":"https:\/\/api.w.org\/{rel}","templated":true}]}}