{"id":55648,"date":"2019-07-04T17:17:39","date_gmt":"2019-07-04T20:17:39","guid":{"rendered":"https:\/\/eldiariodesanpedro.com.ar\/sitio\/?p=55648"},"modified":"2019-07-04T17:17:43","modified_gmt":"2019-07-04T20:17:43","slug":"zarate-durante-junio-se-registro-un-caso-de-secuestro-extorsivo","status":"publish","type":"post","link":"https:\/\/eldiariodesanpedro.com.ar\/sitio\/zarate-durante-junio-se-registro-un-caso-de-secuestro-extorsivo\/","title":{"rendered":"Z\u00c1RATE: Durante junio se registr\u00f3 un caso de secuestro extorsivo"},"content":{"rendered":"<!-- VideographyWP Plugin Message: Automatic video embedding prevented by plugin options. -->\n\n<p><strong>Un total de seis secuestros extorsivos se cometieron durante junio \u00faltimo en distintos puntos del pa\u00eds y suman 25 los casos en el primer semestre de 2019, lo que representa un 45,7 por ciento menos que en el mismo per\u00edodo de 2018, informaron hoy fuentes judiciales. Entre los datos oficiales se asegura que en Z\u00e1rate tuvo lugar un episodio de secuestro extorsivo.&nbsp;<\/strong><\/p>\n\n\n\n<p>Mientras que la cifra del mes pasado signific\u00f3 el doble de hechos en comparaci\u00f3n con junio del a\u00f1o \u00faltimo, cuando hubo solo tres.<\/p>\n\n\n\n<p>Seg\u00fan el informe mensual publicado por la Unidad Fiscal Especializada en Secuestros Extorsivos (Ufese), a cargo del fiscal federal Santiago Marquevich, los casos del junio \u00faltimo ocurrieron en los partidos de Almirante Brown, La Matanza, Lomas de Zamora, Mor\u00f3n, Z\u00e1rate y uno en la Ciudad Aut\u00f3noma de Buenos Aires.<\/p>\n\n\n\n<p>De acuerdo al informe difundido esta tarde por el Ministerio P\u00fablico Fiscal de la Naci\u00f3n, las v\u00edctimas fueron cinco hombres y una mujer, uno por cada hecho.<\/p>\n\n\n\n<p>En cuanto a la franja horaria en que se produjeron los secuestros, tres ocurrieron entre las 0 y el mediod\u00eda, y los restantes entre las 18 y la medianoche.<\/p>\n\n\n\n<p>Tambi\u00e9n se inform\u00f3 que tres de las v\u00edctimas fueron liberadas tras el pago de un rescate, mientras que las otras fueron rescatadas sin que se llevara a cabo una transacci\u00f3n.<\/p>\n\n\n\n<p>La Ufese indic\u00f3 que en uno de los hechos no se pudo determinar la duraci\u00f3n del secuestro, mientras que tres de ellos duraron dos horas, y los dos restantes finalizaron tras una hora y media y diecis\u00e9is horas.<\/p>\n\n\n\n<p>Adem\u00e1s, de acuerdo al informe judicial, en tres de los hechos intervinieron m\u00e1s de tres delincuentes.<\/p>\n\n\n\n<p>Si bien la cantidad de secuestros aument\u00f3 en un caso respecto del mes pasado y duplic\u00f3 a los ocurridos en junio de 2018, los 25 hechos registrados durante el primer semestre de 2019 reflejan una marcada baja en cuanto al mismo per\u00edodo del a\u00f1o pasado, en el que se registraron un total de 46.<\/p>\n\n\n\n<p>Seg\u00fan los datos hist\u00f3ricos, hubo 111 secuestros en 2018, 185 en 2017, 227 en 2016 y 294 en 2015.<\/p>\n\n\n\n<p>A nivel mensual, entre 2015 y junio de 2019, el pico fue en marzo de 2016 con 36 hechos y los registros m\u00e1s bajos ocurrieron en marzo y abril de este a\u00f1o, con dos cada uno.<\/p>\n\n\n\n<p>Fuente: Impacto Local <\/p>\n","protected":false},"excerpt":{"rendered":"<p>Un total de seis secuestros extorsivos se cometieron durante junio \u00faltimo en distintos puntos del pa\u00eds y suman 25 los casos en el primer semestre de 2019, lo que representa un 45,7 por ciento menos que en el mismo per\u00edodo de 2018, informaron hoy fuentes judiciales. Entre los datos oficiales se asegura que en Z\u00e1rate [&hellip;]<\/p>\n","protected":false},"author":4,"featured_media":55649,"comment_status":"open","ping_status":"closed","sticky":false,"template":"","format":"standard","meta":{"om_disable_all_campaigns":false,"_jetpack_memberships_contains_paid_content":false,"footnotes":""},"categories":[621],"tags":[],"class_list":["post-55648","post","type-post","status-publish","format-standard","has-post-thumbnail","hentry","category-regionales"],"aioseo_notices":[],"gutentor_comment":0,"jetpack_featured_media_url":"https:\/\/eldiariodesanpedro.com.ar\/sitio\/wp-content\/uploads\/2019\/07\/secuestros.jpg","jetpack_shortlink":"https:\/\/wp.me\/p6RhLt-ety","jetpack_sharing_enabled":true,"_links":{"self":[{"href":"https:\/\/eldiariodesanpedro.com.ar\/sitio\/wp-json\/wp\/v2\/posts\/55648","targetHints":{"allow":["GET"]}}],"collection":[{"href":"https:\/\/eldiariodesanpedro.com.ar\/sitio\/wp-json\/wp\/v2\/posts"}],"about":[{"href":"https:\/\/eldiariodesanpedro.com.ar\/sitio\/wp-json\/wp\/v2\/types\/post"}],"author":[{"embeddable":true,"href":"https:\/\/eldiariodesanpedro.com.ar\/sitio\/wp-json\/wp\/v2\/users\/4"}],"replies":[{"embeddable":true,"href":"https:\/\/eldiariodesanpedro.com.ar\/sitio\/wp-json\/wp\/v2\/comments?post=55648"}],"version-history":[{"count":1,"href":"https:\/\/eldiariodesanpedro.com.ar\/sitio\/wp-json\/wp\/v2\/posts\/55648\/revisions"}],"predecessor-version":[{"id":55650,"href":"https:\/\/eldiariodesanpedro.com.ar\/sitio\/wp-json\/wp\/v2\/posts\/55648\/revisions\/55650"}],"wp:featuredmedia":[{"embeddable":true,"href":"https:\/\/eldiariodesanpedro.com.ar\/sitio\/wp-json\/wp\/v2\/media\/55649"}],"wp:attachment":[{"href":"https:\/\/eldiariodesanpedro.com.ar\/sitio\/wp-json\/wp\/v2\/media?parent=55648"}],"wp:term":[{"taxonomy":"category","embeddable":true,"href":"https:\/\/eldiariodesanpedro.com.ar\/sitio\/wp-json\/wp\/v2\/categories?post=55648"},{"taxonomy":"post_tag","embeddable":true,"href":"https:\/\/eldiariodesanpedro.com.ar\/sitio\/wp-json\/wp\/v2\/tags?post=55648"}],"curies":[{"name":"wp","href":"https:\/\/api.w.org\/{rel}","templated":true}]}}