{"id":55646,"date":"2019-07-04T17:09:48","date_gmt":"2019-07-04T20:09:48","guid":{"rendered":"https:\/\/eldiariodesanpedro.com.ar\/sitio\/?p=55646"},"modified":"2019-07-04T17:09:53","modified_gmt":"2019-07-04T20:09:53","slug":"pymes-banco-provincia-duplicara-la-oferta-para-descuento-de-cheques","status":"publish","type":"post","link":"https:\/\/eldiariodesanpedro.com.ar\/sitio\/pymes-banco-provincia-duplicara-la-oferta-para-descuento-de-cheques\/","title":{"rendered":"PYMES: Banco provincia duplicar\u00e1 la oferta para descuento de cheques"},"content":{"rendered":"<!-- VideographyWP Plugin Message: Automatic video embedding prevented by plugin options. -->\n\n<p>El presidente de Banco Provincia, Juan Curutchet, anunci\u00f3 que se duplicar\u00e1 en julio la oferta de financiamiento para descuento de cheques a tasas blandas para PyMES con otros 4.600 millones de pesos de fondeo. Se trata de la l\u00ednea para descuento de documentos con una tasa especial del 29%. En este primer semestre ya se prestaron 22 mil millones de pesos, un 10% m\u00e1s que lo colocado durante todo el a\u00f1o pasado.<\/p>\n\n\n\n<p>Hasta el 31 de julio estar\u00e1 vigente la l\u00ednea de pr\u00e9stamos blandos de Banco Provincia para el sector PyME. Se trata de los cr\u00e9ditos con tasa subsidiada del 29% para descuento de documentos, una herramienta clave para el financiamiento de los sectores productivos.<\/p>\n\n\n\n<p>Este nuevo fondeo de 4.600 millones de pesos se suma a los 22 mil millones otorgados por Banco Provincia durante este primer semestre. El nivel de asistencia financiera en lo que va del a\u00f1o es un 10% superior a los 20 mil millones que se prestaron durante todo 2018.<\/p>\n\n\n\n<p>\u201cCada d\u00eda del a\u00f1o prestamos a las PyMES unos 200 millones de pesos para descuento de cheques en condiciones mucho m\u00e1s ventajosas que las que les ofrece el mercado. Un banco que acompa\u00f1a a las PyMES cuando m\u00e1s lo necesitan es un banco que apuesta por la producci\u00f3n y la generaci\u00f3n de puestos de trabajo\u201d, asegur\u00f3 Juan Curutchet, en l\u00ednea con la pol\u00edtica de gesti\u00f3n que impuls\u00f3 la gobernadora Mar\u00eda Eugenia Vidal.<\/p>\n\n\n\n<p>Banco Provincia cuenta con una amplia gama de productos y servicios financieros que se adaptan a las necesidades de Pymes con caracter\u00edsticas muy diversas. Desde l\u00edneas en UVA hasta cr\u00e9ditos est\u00edmulo y programas de apoyo a la primera exportaci\u00f3n.<\/p>\n","protected":false},"excerpt":{"rendered":"<p>El presidente de Banco Provincia, Juan Curutchet, anunci\u00f3 que se duplicar\u00e1 en julio la oferta de financiamiento para descuento de cheques a tasas blandas para PyMES con otros 4.600 millones de pesos de fondeo. Se trata de la l\u00ednea para descuento de documentos con una tasa especial del 29%. En este primer semestre ya se [&hellip;]<\/p>\n","protected":false},"author":4,"featured_media":14334,"comment_status":"open","ping_status":"closed","sticky":false,"template":"","format":"standard","meta":{"om_disable_all_campaigns":false,"_jetpack_memberships_contains_paid_content":false,"footnotes":""},"categories":[101,2],"tags":[],"class_list":["post-55646","post","type-post","status-publish","format-standard","has-post-thumbnail","hentry","category-interes-general-locales","category-locales"],"aioseo_notices":[],"gutentor_comment":0,"jetpack_featured_media_url":"https:\/\/eldiariodesanpedro.com.ar\/sitio\/wp-content\/uploads\/2017\/02\/banco_provincia.jpg","jetpack_shortlink":"https:\/\/wp.me\/p6RhLt-etw","jetpack_sharing_enabled":true,"_links":{"self":[{"href":"https:\/\/eldiariodesanpedro.com.ar\/sitio\/wp-json\/wp\/v2\/posts\/55646","targetHints":{"allow":["GET"]}}],"collection":[{"href":"https:\/\/eldiariodesanpedro.com.ar\/sitio\/wp-json\/wp\/v2\/posts"}],"about":[{"href":"https:\/\/eldiariodesanpedro.com.ar\/sitio\/wp-json\/wp\/v2\/types\/post"}],"author":[{"embeddable":true,"href":"https:\/\/eldiariodesanpedro.com.ar\/sitio\/wp-json\/wp\/v2\/users\/4"}],"replies":[{"embeddable":true,"href":"https:\/\/eldiariodesanpedro.com.ar\/sitio\/wp-json\/wp\/v2\/comments?post=55646"}],"version-history":[{"count":1,"href":"https:\/\/eldiariodesanpedro.com.ar\/sitio\/wp-json\/wp\/v2\/posts\/55646\/revisions"}],"predecessor-version":[{"id":55647,"href":"https:\/\/eldiariodesanpedro.com.ar\/sitio\/wp-json\/wp\/v2\/posts\/55646\/revisions\/55647"}],"wp:featuredmedia":[{"embeddable":true,"href":"https:\/\/eldiariodesanpedro.com.ar\/sitio\/wp-json\/wp\/v2\/media\/14334"}],"wp:attachment":[{"href":"https:\/\/eldiariodesanpedro.com.ar\/sitio\/wp-json\/wp\/v2\/media?parent=55646"}],"wp:term":[{"taxonomy":"category","embeddable":true,"href":"https:\/\/eldiariodesanpedro.com.ar\/sitio\/wp-json\/wp\/v2\/categories?post=55646"},{"taxonomy":"post_tag","embeddable":true,"href":"https:\/\/eldiariodesanpedro.com.ar\/sitio\/wp-json\/wp\/v2\/tags?post=55646"}],"curies":[{"name":"wp","href":"https:\/\/api.w.org\/{rel}","templated":true}]}}