{"id":55643,"date":"2019-07-04T17:01:31","date_gmt":"2019-07-04T20:01:31","guid":{"rendered":"https:\/\/eldiariodesanpedro.com.ar\/sitio\/?p=55643"},"modified":"2019-07-04T17:01:35","modified_gmt":"2019-07-04T20:01:35","slug":"ramallo-arrebeef-uno-de-los-8-principales-exportadores-de-cuota-hilton-a-la-union-europea","status":"publish","type":"post","link":"https:\/\/eldiariodesanpedro.com.ar\/sitio\/ramallo-arrebeef-uno-de-los-8-principales-exportadores-de-cuota-hilton-a-la-union-europea\/","title":{"rendered":"RAMALLO: ArreBeef uno de los 8 principales exportadores de Cuota Hilton a la Uni\u00f3n Europea"},"content":{"rendered":"<!-- VideographyWP Plugin Message: Automatic video embedding prevented by plugin options. -->\n\n<p>La Secretar\u00eda de Agroindustria adjudic\u00f3 las 29.466,924 toneladas para cortes vacunos deshuesados de calidad superior concedidos por el bloque a la Argentina para el periodo comprendido entre el 1 de julio de 2019 y el 30 de junio de 2020.<\/p>\n\n\n\n<p>A trav\u00e9s de la Resoluci\u00f3n 308\/2019, que se firm\u00f3 el 28 de junio pasado y se public\u00f3 este lunes en el Bolet\u00edn Oficial, la Secretar\u00eda de Agroindustria de la Naci\u00f3n dio a conocer los detalles del reparto de la Cuota, que distribuye el 90% de las 29.500 toneladas.<\/p>\n\n\n\n<p>El Comit\u00e9 de Cuotas, conformado por la Jefatura de Gabinete de la Naci\u00f3n y las secretar\u00edas de Agroindustria y de Comercio Exterior, determin\u00f3 que el frigor\u00edfico ArreBeef aportar\u00e1 m\u00e1s de 1300 toneladas, consolid\u00e1ndose as\u00ed entre los ocho que m\u00e1s tendr\u00e1n que exportar.<\/p>\n\n\n\n<p>LOS PUNTOS M\u00c1S DESTACADOS<\/p>\n\n\n\n<ol class=\"wp-block-list\"><li>a) La categor\u00eda Industria fue beneficiaria con el 90% del total del contingente arancelario \u201cHilton\u201d, mientras que la categor\u00eda Proyectos Conjuntos fue alcanzada por el 10%.<\/li><li>b) El m\u00e1ximo asignado para cada empresa de ambas categor\u00edas no excedi\u00f3 el 10% de la cuota total establecida para cada categor\u00eda. Asimismo, el volumen de toneladas asignado por raz\u00f3n social fue de un m\u00ednimo de 50 Tn para la categor\u00eda Industria y de 12 Tn para la categor\u00eda Proyectos Conjuntos.<\/li><li>c) Las Plantas Nuevas realizaron sus solicitudes de cupo por un m\u00e1ximo de hasta 300 Tn cada una para las empresas Ciclo I y Ciclo Completo, y de hasta 200 Tn cada una para las Ciclo II. (Seg\u00fan lo establecido en el Decreto N\u00ba 377\/2019, para poder inscribirse como \u201cPlanta Nueva\u201d no debieran haber sido beneficiarios de Cuota Hilton en ninguno de los dos ciclos comerciales anteriores a la distribuci\u00f3n de que se trate).<\/li><li>d) Los Proyectos Conjuntos nuevos realizaron sus solicitudes de cupo por un m\u00e1ximo de hasta 25 Tn cada uno.<\/li><li>e) Para los postulantes de ambas categor\u00edas que participaron del ciclo comercial 2018\/19 se utilizaron como criterio de asignaci\u00f3n de la cuota los antecedentes de exportaci\u00f3n del adjudicatario del a\u00f1o 2018 en valores F.O.B. correspondientes a cortes Hilton.<\/li><li>f) Aquellos adjudicatarios que participaron por primera vez en el ciclo comercial 2018\/19 y que no renunciaron al total del volumen adjudicado de ese ciclo, se les duplic\u00f3 el antecedente de exportaci\u00f3n o \u201cpast performance\u201d de lo certificado entre el 1 de julio del 2018 y hasta el 31 de diciembre de ese a\u00f1o.<\/li><\/ol>\n\n\n\n<p>Asimismo, el Fondo de Libre Disponibilidad qued\u00f3 establecido para el inicio de la cuota 2019\/20 en 34,07 Tn, y restan realizar las verificaciones previstas en el Art\u00edculo 9\u00b0 de la Resoluci\u00f3n 243\/2018. En este sentido, se agregar\u00e1n las toneladas que surjan de las penalidades del ciclo 2018\/19, determinadas al 30 de junio de 2019, y que ser\u00e1n deducidas de lo distribuido en el sistema SIACE este lunes y que se comunicar\u00e1n en el curso de esta semana.<\/p>\n","protected":false},"excerpt":{"rendered":"<p>La Secretar\u00eda de Agroindustria adjudic\u00f3 las 29.466,924 toneladas para cortes vacunos deshuesados de calidad superior concedidos por el bloque a la Argentina para el periodo comprendido entre el 1 de julio de 2019 y el 30 de junio de 2020. A trav\u00e9s de la Resoluci\u00f3n 308\/2019, que se firm\u00f3 el 28 de junio pasado y [&hellip;]<\/p>\n","protected":false},"author":4,"featured_media":55644,"comment_status":"open","ping_status":"closed","sticky":false,"template":"","format":"standard","meta":{"om_disable_all_campaigns":false,"_jetpack_memberships_contains_paid_content":false,"footnotes":""},"categories":[621],"tags":[],"class_list":["post-55643","post","type-post","status-publish","format-standard","has-post-thumbnail","hentry","category-regionales"],"aioseo_notices":[],"gutentor_comment":0,"jetpack_featured_media_url":"https:\/\/eldiariodesanpedro.com.ar\/sitio\/wp-content\/uploads\/2019\/07\/ArreBeef.jpg","jetpack_shortlink":"https:\/\/wp.me\/p6RhLt-ett","jetpack_sharing_enabled":true,"_links":{"self":[{"href":"https:\/\/eldiariodesanpedro.com.ar\/sitio\/wp-json\/wp\/v2\/posts\/55643","targetHints":{"allow":["GET"]}}],"collection":[{"href":"https:\/\/eldiariodesanpedro.com.ar\/sitio\/wp-json\/wp\/v2\/posts"}],"about":[{"href":"https:\/\/eldiariodesanpedro.com.ar\/sitio\/wp-json\/wp\/v2\/types\/post"}],"author":[{"embeddable":true,"href":"https:\/\/eldiariodesanpedro.com.ar\/sitio\/wp-json\/wp\/v2\/users\/4"}],"replies":[{"embeddable":true,"href":"https:\/\/eldiariodesanpedro.com.ar\/sitio\/wp-json\/wp\/v2\/comments?post=55643"}],"version-history":[{"count":1,"href":"https:\/\/eldiariodesanpedro.com.ar\/sitio\/wp-json\/wp\/v2\/posts\/55643\/revisions"}],"predecessor-version":[{"id":55645,"href":"https:\/\/eldiariodesanpedro.com.ar\/sitio\/wp-json\/wp\/v2\/posts\/55643\/revisions\/55645"}],"wp:featuredmedia":[{"embeddable":true,"href":"https:\/\/eldiariodesanpedro.com.ar\/sitio\/wp-json\/wp\/v2\/media\/55644"}],"wp:attachment":[{"href":"https:\/\/eldiariodesanpedro.com.ar\/sitio\/wp-json\/wp\/v2\/media?parent=55643"}],"wp:term":[{"taxonomy":"category","embeddable":true,"href":"https:\/\/eldiariodesanpedro.com.ar\/sitio\/wp-json\/wp\/v2\/categories?post=55643"},{"taxonomy":"post_tag","embeddable":true,"href":"https:\/\/eldiariodesanpedro.com.ar\/sitio\/wp-json\/wp\/v2\/tags?post=55643"}],"curies":[{"name":"wp","href":"https:\/\/api.w.org\/{rel}","templated":true}]}}