{"id":55638,"date":"2019-07-04T16:57:43","date_gmt":"2019-07-04T19:57:43","guid":{"rendered":"https:\/\/eldiariodesanpedro.com.ar\/sitio\/?p=55638"},"modified":"2019-07-04T17:00:06","modified_gmt":"2019-07-04T20:00:06","slug":"san-nicolas-golpeo-a-una-mujer-para-robarle-el-celular","status":"publish","type":"post","link":"https:\/\/eldiariodesanpedro.com.ar\/sitio\/san-nicolas-golpeo-a-una-mujer-para-robarle-el-celular\/","title":{"rendered":"SAN NICOL\u00c1S: Golpe\u00f3 a una mujer para robarle el celular"},"content":{"rendered":"<!-- VideographyWP Plugin Message: Automatic video embedding prevented by plugin options. -->\n\n<p>La v\u00edctima es una joven de 26 a\u00f1os domiciliada en la delegaci\u00f3n de Campos Salles. Un sujeto de 24 a\u00f1os violent\u00f3 la puerta de ingreso de su vivienda, ubicada en calle Cepeda 3300 aproximadamente, e intent\u00f3 sustraerle el celular.\u00a0<\/p>\n\n\n\n<p>El ladr\u00f3n golpe\u00f3 a la mujer y se dio a la fuga. Al tomar conocimiento de lo ocurrido, la polic\u00eda inicia un operativo cerrojo y logra aprehender al delincuente a pocos metros de la vivienda.<\/p>\n\n\n\n<p>Por el hecho se labraron actuaciones por Tentativa de Robo e intervino la Dra. Ver\u00f3nica Marcantonio. <\/p>\n\n\n\n<p>Fuente: Diario El Informante<\/p>\n","protected":false},"excerpt":{"rendered":"<p>La v\u00edctima es una joven de 26 a\u00f1os domiciliada en la delegaci\u00f3n de Campos Salles. Un sujeto de 24 a\u00f1os violent\u00f3 la puerta de ingreso de su vivienda, ubicada en calle Cepeda 3300 aproximadamente, e intent\u00f3 sustraerle el celular.\u00a0 El ladr\u00f3n golpe\u00f3 a la mujer y se dio a la fuga. Al tomar conocimiento de [&hellip;]<\/p>\n","protected":false},"author":4,"featured_media":55639,"comment_status":"open","ping_status":"closed","sticky":false,"template":"","format":"standard","meta":{"om_disable_all_campaigns":false,"_jetpack_memberships_contains_paid_content":false,"footnotes":""},"categories":[621],"tags":[],"class_list":["post-55638","post","type-post","status-publish","format-standard","has-post-thumbnail","hentry","category-regionales"],"aioseo_notices":[],"gutentor_comment":0,"jetpack_featured_media_url":"https:\/\/eldiariodesanpedro.com.ar\/sitio\/wp-content\/uploads\/2019\/07\/no_4g1jow3ux62f3tenop1c56465t83uu31kc3o1tm219bh1.jpg","jetpack_shortlink":"https:\/\/wp.me\/p6RhLt-eto","jetpack_sharing_enabled":true,"_links":{"self":[{"href":"https:\/\/eldiariodesanpedro.com.ar\/sitio\/wp-json\/wp\/v2\/posts\/55638","targetHints":{"allow":["GET"]}}],"collection":[{"href":"https:\/\/eldiariodesanpedro.com.ar\/sitio\/wp-json\/wp\/v2\/posts"}],"about":[{"href":"https:\/\/eldiariodesanpedro.com.ar\/sitio\/wp-json\/wp\/v2\/types\/post"}],"author":[{"embeddable":true,"href":"https:\/\/eldiariodesanpedro.com.ar\/sitio\/wp-json\/wp\/v2\/users\/4"}],"replies":[{"embeddable":true,"href":"https:\/\/eldiariodesanpedro.com.ar\/sitio\/wp-json\/wp\/v2\/comments?post=55638"}],"version-history":[{"count":2,"href":"https:\/\/eldiariodesanpedro.com.ar\/sitio\/wp-json\/wp\/v2\/posts\/55638\/revisions"}],"predecessor-version":[{"id":55642,"href":"https:\/\/eldiariodesanpedro.com.ar\/sitio\/wp-json\/wp\/v2\/posts\/55638\/revisions\/55642"}],"wp:featuredmedia":[{"embeddable":true,"href":"https:\/\/eldiariodesanpedro.com.ar\/sitio\/wp-json\/wp\/v2\/media\/55639"}],"wp:attachment":[{"href":"https:\/\/eldiariodesanpedro.com.ar\/sitio\/wp-json\/wp\/v2\/media?parent=55638"}],"wp:term":[{"taxonomy":"category","embeddable":true,"href":"https:\/\/eldiariodesanpedro.com.ar\/sitio\/wp-json\/wp\/v2\/categories?post=55638"},{"taxonomy":"post_tag","embeddable":true,"href":"https:\/\/eldiariodesanpedro.com.ar\/sitio\/wp-json\/wp\/v2\/tags?post=55638"}],"curies":[{"name":"wp","href":"https:\/\/api.w.org\/{rel}","templated":true}]}}