{"id":55635,"date":"2019-07-04T16:56:06","date_gmt":"2019-07-04T19:56:06","guid":{"rendered":"https:\/\/eldiariodesanpedro.com.ar\/sitio\/?p=55635"},"modified":"2019-07-04T16:56:11","modified_gmt":"2019-07-04T19:56:11","slug":"san-nicolas-fue-detenido-el-investigado-jefe-de-aduana-tati-gutierrez-por-riesgo-de-fuga","status":"publish","type":"post","link":"https:\/\/eldiariodesanpedro.com.ar\/sitio\/san-nicolas-fue-detenido-el-investigado-jefe-de-aduana-tati-gutierrez-por-riesgo-de-fuga\/","title":{"rendered":"SAN NICOL\u00c1S: Fue detenido el investigado Jefe de Aduana \u201cTati\u201d Guti\u00e9rrez por riesgo de fuga"},"content":{"rendered":"<!-- VideographyWP Plugin Message: Automatic video embedding prevented by plugin options. -->\n\n<p>Fue detenido en la tarde de mi\u00e9rcoles el Jefe de Resguardo de Puerto en Aduana San Nicol\u00e1s, Adelmar Guti\u00e9rrez Chiapas, cuando caminaba por la zona del Parque San Mart\u00edn. Por solicitud del Fiscal Federal Mat\u00edas Di Lelo, el Juez Federal Villafuerte Ruzzo, orden\u00f3 la detenci\u00f3n por riesgo de fuga y entorpecimiento de la investigaci\u00f3n.<\/p>\n\n\n\n<p>Habr\u00eda indicios que acercaron al Fiscal a solicitar la inmediata detenci\u00f3n y la indagatoria.<\/p>\n\n\n\n<p>\u201cTati\u201d Gutierrez est\u00e1 siendo investigado por enriquecimiento il\u00edcito y lavado de dinero. Han determinado que el empleado de la Aduana San Nicol\u00e1s, presenta inconsistencia entre sus ingresos y sus bienes. Ya que posee una importante cantidad de bienes inmuebles, entre ellos campos de grandes dimensiones en la zona.<\/p>\n\n\n\n<p>Trascendi\u00f3 que pose\u00eda una cuenta bancaria en New York con alrededor de U$S650 mil d\u00f3lares.&nbsp;<\/p>\n\n\n\n<p>Personal policial de la Unidad Investigativa Anticorrupci\u00f3n de la Polic\u00eda Federal concret\u00f3 la detenci\u00f3n y qued\u00f3 alojado en los calabozos de la Polic\u00eda Federal para ser trasladado a indagatoria este jueves en el Juzgado Federal, Secretar\u00eda N\u00ba2.&nbsp;<\/p>\n\n\n\n<p>La causa comenz\u00f3 en 2017 a ra\u00edz de una denuncia de AFIP ante la Oficina anticorrupci\u00f3n, por el desproporcionado incremento patrimonial de Gutierrez.\u00a0 <\/p>\n\n\n\n<p>Fuente: Diario El Imparcial<\/p>\n","protected":false},"excerpt":{"rendered":"<p>Fue detenido en la tarde de mi\u00e9rcoles el Jefe de Resguardo de Puerto en Aduana San Nicol\u00e1s, Adelmar Guti\u00e9rrez Chiapas, cuando caminaba por la zona del Parque San Mart\u00edn. Por solicitud del Fiscal Federal Mat\u00edas Di Lelo, el Juez Federal Villafuerte Ruzzo, orden\u00f3 la detenci\u00f3n por riesgo de fuga y entorpecimiento de la investigaci\u00f3n. Habr\u00eda [&hellip;]<\/p>\n","protected":false},"author":4,"featured_media":55636,"comment_status":"open","ping_status":"closed","sticky":false,"template":"","format":"standard","meta":{"om_disable_all_campaigns":false,"_jetpack_memberships_contains_paid_content":false,"footnotes":""},"categories":[621],"tags":[],"class_list":["post-55635","post","type-post","status-publish","format-standard","has-post-thumbnail","hentry","category-regionales"],"aioseo_notices":[],"gutentor_comment":0,"jetpack_featured_media_url":"https:\/\/eldiariodesanpedro.com.ar\/sitio\/wp-content\/uploads\/2019\/07\/conmarca20858-1.jpg","jetpack_shortlink":"https:\/\/wp.me\/p6RhLt-etl","jetpack_sharing_enabled":true,"_links":{"self":[{"href":"https:\/\/eldiariodesanpedro.com.ar\/sitio\/wp-json\/wp\/v2\/posts\/55635","targetHints":{"allow":["GET"]}}],"collection":[{"href":"https:\/\/eldiariodesanpedro.com.ar\/sitio\/wp-json\/wp\/v2\/posts"}],"about":[{"href":"https:\/\/eldiariodesanpedro.com.ar\/sitio\/wp-json\/wp\/v2\/types\/post"}],"author":[{"embeddable":true,"href":"https:\/\/eldiariodesanpedro.com.ar\/sitio\/wp-json\/wp\/v2\/users\/4"}],"replies":[{"embeddable":true,"href":"https:\/\/eldiariodesanpedro.com.ar\/sitio\/wp-json\/wp\/v2\/comments?post=55635"}],"version-history":[{"count":1,"href":"https:\/\/eldiariodesanpedro.com.ar\/sitio\/wp-json\/wp\/v2\/posts\/55635\/revisions"}],"predecessor-version":[{"id":55637,"href":"https:\/\/eldiariodesanpedro.com.ar\/sitio\/wp-json\/wp\/v2\/posts\/55635\/revisions\/55637"}],"wp:featuredmedia":[{"embeddable":true,"href":"https:\/\/eldiariodesanpedro.com.ar\/sitio\/wp-json\/wp\/v2\/media\/55636"}],"wp:attachment":[{"href":"https:\/\/eldiariodesanpedro.com.ar\/sitio\/wp-json\/wp\/v2\/media?parent=55635"}],"wp:term":[{"taxonomy":"category","embeddable":true,"href":"https:\/\/eldiariodesanpedro.com.ar\/sitio\/wp-json\/wp\/v2\/categories?post=55635"},{"taxonomy":"post_tag","embeddable":true,"href":"https:\/\/eldiariodesanpedro.com.ar\/sitio\/wp-json\/wp\/v2\/tags?post=55635"}],"curies":[{"name":"wp","href":"https:\/\/api.w.org\/{rel}","templated":true}]}}