{"id":55631,"date":"2019-07-04T16:54:00","date_gmt":"2019-07-04T19:54:00","guid":{"rendered":"https:\/\/eldiariodesanpedro.com.ar\/sitio\/?p=55631"},"modified":"2019-07-04T16:54:22","modified_gmt":"2019-07-04T19:54:22","slug":"san-nicolas-el-autodromo-a-reactivado-las-reservas-hoteleras-en-la-ciudad","status":"publish","type":"post","link":"https:\/\/eldiariodesanpedro.com.ar\/sitio\/san-nicolas-el-autodromo-a-reactivado-las-reservas-hoteleras-en-la-ciudad\/","title":{"rendered":"SAN NICOL\u00c1S: El aut\u00f3dromo a reactivado las reservas hoteleras en la ciudad"},"content":{"rendered":"<!-- VideographyWP Plugin Message: Automatic video embedding prevented by plugin options. -->\n\n<p> La capacidad hotelera de San Nicol\u00e1s y Ramallo estar\u00e1 ocupada en un 75 por ciento durante este fin de semana, de acuerdo a las estimaciones de la C\u00e1mara Hotelera y Gastron\u00f3mica de nuestra ciudad. Ello se debe, fundamentalmente, a las actividades que se llevar\u00e1n a cabo entre viernes y domingo en el aut\u00f3dromo San Nicol\u00e1s Ciudad, con la presencia de dos categor\u00edas que movilizan una interesante cantidad de equipos y p\u00fablico que se estar\u00e1 hospedando aqu\u00ed durante tres noches. <\/p>\n\n\n\n<p> \u201cSiempre que hay eventos en el aut\u00f3dromo nosotros trabajamos m\u00e1s\u201d, se\u00f1al\u00f3 Ren\u00e9 Baigorria, titular de la entidad que representa a hoteleros y gastron\u00f3micos de nuestra ciudad. Buena parte de los visitantes son integrantes de los equipos deportivos que participan de en estas categor\u00edas que, si bien no son las m\u00e1s populares, tambi\u00e9n cuentan con buen n\u00famero de seguidores. Muchos de ellos se hospedan en hoteles de 2, 3 y 4 estrellas, otros vienen en motorhome y tambi\u00e9n est\u00e1n los visitantes que llegan y regresan a su ciudad de origen en el d\u00eda. <\/p>\n\n\n\n<p> En cuanto a los precios de las habitaciones vale recordar que est\u00e1n congelados desde el a\u00f1o pasado en virtud de un convenio que firmara la C\u00e1mara con la Secretar\u00eda de Turismo de la provincia de Buenos Aires mediante el cual se compromete a mantener las tarifas. <\/p>\n\n\n\n<p>\u201cTodo lo que se haga en materia de eventos es muy importante para nosotros. Los deportivos son los que mueven mayor cantidad de gente, pero tambi\u00e9n hay actividades culturales que est\u00e1n atrayendo turistas\u201d, complet\u00f3 Baigorria.<\/p>\n\n\n\n<p>Fuente: Diario El Norte<\/p>\n","protected":false},"excerpt":{"rendered":"<p>La capacidad hotelera de San Nicol\u00e1s y Ramallo estar\u00e1 ocupada en un 75 por ciento durante este fin de semana, de acuerdo a las estimaciones de la C\u00e1mara Hotelera y Gastron\u00f3mica de nuestra ciudad. Ello se debe, fundamentalmente, a las actividades que se llevar\u00e1n a cabo entre viernes y domingo en el aut\u00f3dromo San Nicol\u00e1s [&hellip;]<\/p>\n","protected":false},"author":4,"featured_media":55632,"comment_status":"open","ping_status":"closed","sticky":false,"template":"","format":"standard","meta":{"om_disable_all_campaigns":false,"_jetpack_memberships_contains_paid_content":false,"footnotes":""},"categories":[621],"tags":[],"class_list":["post-55631","post","type-post","status-publish","format-standard","has-post-thumbnail","hentry","category-regionales"],"aioseo_notices":[],"gutentor_comment":0,"jetpack_featured_media_url":"https:\/\/eldiariodesanpedro.com.ar\/sitio\/wp-content\/uploads\/2019\/07\/0-1.jpg","jetpack_shortlink":"https:\/\/wp.me\/p6RhLt-eth","jetpack_sharing_enabled":true,"_links":{"self":[{"href":"https:\/\/eldiariodesanpedro.com.ar\/sitio\/wp-json\/wp\/v2\/posts\/55631","targetHints":{"allow":["GET"]}}],"collection":[{"href":"https:\/\/eldiariodesanpedro.com.ar\/sitio\/wp-json\/wp\/v2\/posts"}],"about":[{"href":"https:\/\/eldiariodesanpedro.com.ar\/sitio\/wp-json\/wp\/v2\/types\/post"}],"author":[{"embeddable":true,"href":"https:\/\/eldiariodesanpedro.com.ar\/sitio\/wp-json\/wp\/v2\/users\/4"}],"replies":[{"embeddable":true,"href":"https:\/\/eldiariodesanpedro.com.ar\/sitio\/wp-json\/wp\/v2\/comments?post=55631"}],"version-history":[{"count":2,"href":"https:\/\/eldiariodesanpedro.com.ar\/sitio\/wp-json\/wp\/v2\/posts\/55631\/revisions"}],"predecessor-version":[{"id":55634,"href":"https:\/\/eldiariodesanpedro.com.ar\/sitio\/wp-json\/wp\/v2\/posts\/55631\/revisions\/55634"}],"wp:featuredmedia":[{"embeddable":true,"href":"https:\/\/eldiariodesanpedro.com.ar\/sitio\/wp-json\/wp\/v2\/media\/55632"}],"wp:attachment":[{"href":"https:\/\/eldiariodesanpedro.com.ar\/sitio\/wp-json\/wp\/v2\/media?parent=55631"}],"wp:term":[{"taxonomy":"category","embeddable":true,"href":"https:\/\/eldiariodesanpedro.com.ar\/sitio\/wp-json\/wp\/v2\/categories?post=55631"},{"taxonomy":"post_tag","embeddable":true,"href":"https:\/\/eldiariodesanpedro.com.ar\/sitio\/wp-json\/wp\/v2\/tags?post=55631"}],"curies":[{"name":"wp","href":"https:\/\/api.w.org\/{rel}","templated":true}]}}