{"id":55621,"date":"2019-07-04T11:48:43","date_gmt":"2019-07-04T14:48:43","guid":{"rendered":"https:\/\/eldiariodesanpedro.com.ar\/sitio\/?p=55621"},"modified":"2019-07-04T11:48:47","modified_gmt":"2019-07-04T14:48:47","slug":"recomendaciones-de-defensa-civil-ante-la-ola-polar","status":"publish","type":"post","link":"https:\/\/eldiariodesanpedro.com.ar\/sitio\/recomendaciones-de-defensa-civil-ante-la-ola-polar\/","title":{"rendered":"Recomendaciones de Defensa Civil ante la ola polar"},"content":{"rendered":"<!-- VideographyWP Plugin Message: Automatic video embedding prevented by plugin options. -->\n\n<p>Como consecuencia del ingreso de una masa de aire fr\u00edo de origen polar, Defensa Civil te brinda una serie de recomendaciones para tener en cuenta.<\/p>\n\n\n\n<p>\u2022 Llevar ropa y calzado adecuado para las bajas temperaturas.<br>\u2022 Evitar prendas ajustadas, para que el aire circule entre la piel y la ropa, actuando como aislante. P\u00f3ngase una sobre otra, varias prendas de ropa ligera y c\u00e1lida es mejor que una sola de un \u00fanico tejido.<br>\u2022 Prot\u00e9gete el rostro y la cabeza evita la entrada de aire fr\u00edo en los pulmones.<br>\u2022 C\u00fabrase las manos y mantenga los pies secos.<br>\u2022 Realice m\u00ednimas tareas al aire libre y no se exponga a bajas temperaturas, para evitar golpes de fr\u00edo y principios de congelamiento.<br>\u2022 Es recomendable utilizar artefactos de tiro balanceado.<br>\u2022 Evitar instalar estufas a gas, el\u00e9ctricas o braseros en ba\u00f1os o dormitorios.<br>\u2022 Ventilar la casa una vez por d\u00eda, aunque haga fr\u00edo.<br>\u2022 Dejar siempre una puerta o una ventana entreabierta.<br>\u2022 Comprobar que los ambientes tengan ventilaci\u00f3n hacia el exterior.<br>\u2022 Encender y apagar los braseros y estufas a le\u00f1a siempre fuera de la casa.<br>\u2022 Si hay brasas o una llama de cualquier clase, apagarlas antes de dormir.<br>\u2022 No arrojar al fuego encendido dentro de la casa, pl\u00e1stico, goma o metales, porque desprenden vapores y gases que contaminan el aire.<br>\u2022 Evite mantener recipientes con agua sobre la estufa.<br>\u2022 No utilices la cocina para calentar ambientes. Verificar que la llama sea azul.<\/p>\n\n\n\n<p>El mon\u00f3xido de carbono es un gas venenoso que se produce por la combusti\u00f3n incompleta del carbono presente en materiales como le\u00f1a, carb\u00f3n de le\u00f1a, gas, kerosene, alcohol, gasoil y nafta.<br>El principal peligro de esta sustancia potencialmente mortal, es que resulta imperceptible porque no tiene color, olor ni sabor, y no irrita los ojos ni la nariz.\u00a0<br>Si bien todos estamos expuestos, quienes tienen mayor riesgo de intoxicaci\u00f3n son los ni\u00f1os peque\u00f1os, los adultos mayores, las personas con enfermedades card\u00edacas y\/o pulmonares y los fumadores.<\/p>\n\n\n\n<p>\n\nEl n\u00famero 103 de Defensa Civil deber\u00eda responder ante estos casos.&nbsp;\n\n<\/p>\n","protected":false},"excerpt":{"rendered":"<p>Como consecuencia del ingreso de una masa de aire fr\u00edo de origen polar, Defensa Civil te brinda una serie de recomendaciones para tener en cuenta. \u2022 Llevar ropa y calzado adecuado para las bajas temperaturas.\u2022 Evitar prendas ajustadas, para que el aire circule entre la piel y la ropa, actuando como aislante. P\u00f3ngase una sobre [&hellip;]<\/p>\n","protected":false},"author":4,"featured_media":55622,"comment_status":"open","ping_status":"closed","sticky":false,"template":"","format":"standard","meta":{"om_disable_all_campaigns":false,"_jetpack_memberships_contains_paid_content":false,"footnotes":""},"categories":[50,101,2],"tags":[],"class_list":["post-55621","post","type-post","status-publish","format-standard","has-post-thumbnail","hentry","category-destacadas","category-interes-general-locales","category-locales"],"aioseo_notices":[],"gutentor_comment":0,"jetpack_featured_media_url":"https:\/\/eldiariodesanpedro.com.ar\/sitio\/wp-content\/uploads\/2019\/07\/65804068_2329276217167040_2614815646453596160_n.jpg","jetpack_shortlink":"https:\/\/wp.me\/p6RhLt-et7","jetpack_sharing_enabled":true,"_links":{"self":[{"href":"https:\/\/eldiariodesanpedro.com.ar\/sitio\/wp-json\/wp\/v2\/posts\/55621","targetHints":{"allow":["GET"]}}],"collection":[{"href":"https:\/\/eldiariodesanpedro.com.ar\/sitio\/wp-json\/wp\/v2\/posts"}],"about":[{"href":"https:\/\/eldiariodesanpedro.com.ar\/sitio\/wp-json\/wp\/v2\/types\/post"}],"author":[{"embeddable":true,"href":"https:\/\/eldiariodesanpedro.com.ar\/sitio\/wp-json\/wp\/v2\/users\/4"}],"replies":[{"embeddable":true,"href":"https:\/\/eldiariodesanpedro.com.ar\/sitio\/wp-json\/wp\/v2\/comments?post=55621"}],"version-history":[{"count":1,"href":"https:\/\/eldiariodesanpedro.com.ar\/sitio\/wp-json\/wp\/v2\/posts\/55621\/revisions"}],"predecessor-version":[{"id":55623,"href":"https:\/\/eldiariodesanpedro.com.ar\/sitio\/wp-json\/wp\/v2\/posts\/55621\/revisions\/55623"}],"wp:featuredmedia":[{"embeddable":true,"href":"https:\/\/eldiariodesanpedro.com.ar\/sitio\/wp-json\/wp\/v2\/media\/55622"}],"wp:attachment":[{"href":"https:\/\/eldiariodesanpedro.com.ar\/sitio\/wp-json\/wp\/v2\/media?parent=55621"}],"wp:term":[{"taxonomy":"category","embeddable":true,"href":"https:\/\/eldiariodesanpedro.com.ar\/sitio\/wp-json\/wp\/v2\/categories?post=55621"},{"taxonomy":"post_tag","embeddable":true,"href":"https:\/\/eldiariodesanpedro.com.ar\/sitio\/wp-json\/wp\/v2\/tags?post=55621"}],"curies":[{"name":"wp","href":"https:\/\/api.w.org\/{rel}","templated":true}]}}