{"id":5562,"date":"2016-06-17T22:02:14","date_gmt":"2016-06-18T01:02:14","guid":{"rendered":"https:\/\/eldiariodesanpedro.com.ar\/sitio\/?p=5562"},"modified":"2016-06-17T22:04:40","modified_gmt":"2016-06-18T01:04:40","slug":"el-intendente-cecilio-salazar-defendio-a-la-gobernadora-vidal","status":"publish","type":"post","link":"https:\/\/eldiariodesanpedro.com.ar\/sitio\/el-intendente-cecilio-salazar-defendio-a-la-gobernadora-vidal\/","title":{"rendered":"El intendente Cecilio Salazar defendi\u00f3 a la gobernadora Vidal"},"content":{"rendered":"<p><!-- VideographyWP Plugin Message: Automatic video embedding prevented by plugin options. --><br \/>\nEn la tarde de hoy, el jefe comunal emiti\u00f3 un comunicado en defensa de la gobernadora Mar\u00eda Eugenia Vidal, la cual fue agredida verbalmente por un concejal del Frente para la Victoria (FPV) de Luj\u00e1n, Leandro Boto, que qued\u00f3 en el centro de una fuerte pol\u00e9mica despu\u00e9s de que se filtrara un audio en el que dec\u00eda \u00abDan ganas de cagarla a trompadas\u00bb, expresiones por las que luego se disculp\u00f3 y que le valieron una denuncia por parte de la dirigente de Cambiemos. (Abajo el v\u00eddeo)<br \/>\n\u00abAh\u00ed la escuchaba a la loca esta de Vidal. Justo despu\u00e9s de la charla de ayer, que dan ganas de ir y cagarla a trompadas. O sea, nos sacan la guita, te aumentan los servicios, te cagan la vida, pero todo eso es para que est\u00e9s mejor\u00bb, dice el concejal en el audio que le mand\u00f3 a un conocido.<br \/>\nEl intendente comunic\u00f3 lo siguiente:<br \/>\nBASTA DE INTOLERANCIA<\/p>\n<p>C\u00f3mo poder tratar de loca a una mujer que se enfrent\u00f3 a la vieja pol\u00edtica y le torci\u00f3 el brazo, c\u00f3mo tratar de loca a una mujer que se convirti\u00f3 en la primera gobernadora de la provincia de Buenos Aires, c\u00f3mo pretender tratar de loca a una mujer de familia que todos los d\u00edas arriesga su vida para luchar contra la corrupci\u00f3n \u00a1\u00bfy adem\u00e1s querer pegarle?! Se\u00f1or Leandro Boto, concejal del partido de Luj\u00e1n por el FPV, usted sin duda es el hombre m\u00e1s desafortunado del mundo, se top\u00f3 con la mujer m\u00e1s valiente de los \u00faltimos tiempos, la que sigue recorriendo los barrios todos los d\u00edas, la mujer que despu\u00e9s de 6 meses de gesti\u00f3n tiene la medici\u00f3n m\u00e1s alta en la provincia, m\u00e1s del 70% de imagen positiva, realmente es un desafortunado, pens\u00f3 que las cosas segu\u00edan igual, se equivoca, ahora usted tendr\u00e1 que responderle a la Justicia por sus dichos, y si es al menos hombre, deber\u00eda tener la deferencia de renunciar a su banca. A las mujeres jam\u00e1s se las debe agraviar y mucho menos subestimar, ll\u00e1mese a la reflexi\u00f3n y ponga a disposici\u00f3n su renuncia.<br \/>\nCecilio Salazar<br \/>\nIntendente de San Pedro<br \/>\nPartido Fe &#8211; Cambiemos<\/p>\n<p>&nbsp;<\/p>\n<div class=\"jetpack-video-wrapper\"><span class=\"embed-youtube\" style=\"text-align:center; display: block;\"><iframe class=\"youtube-player lazyload\" width=\"640\" height=\"360\" data-src=\"https:\/\/www.youtube.com\/embed\/if9NecVjqwI?version=3&#038;rel=1&#038;showsearch=0&#038;showinfo=1&#038;iv_load_policy=1&#038;fs=1&#038;hl=es-ES&#038;autohide=2&#038;wmode=transparent\" allowfullscreen=\"true\" style=\"border:0;\" sandbox=\"allow-scripts allow-same-origin allow-popups allow-presentation allow-popups-to-escape-sandbox\" src=\"data:image\/svg+xml;base64,PHN2ZyB3aWR0aD0iMSIgaGVpZ2h0PSIxIiB4bWxucz0iaHR0cDovL3d3dy53My5vcmcvMjAwMC9zdmciPjwvc3ZnPg==\" data-load-mode=\"1\"><\/iframe><\/span><\/div>\n<p>&nbsp;<\/p>\n<p>&nbsp;<\/p>\n","protected":false},"excerpt":{"rendered":"<p>En la tarde de hoy, el jefe comunal emiti\u00f3 un comunicado en defensa de la gobernadora Mar\u00eda Eugenia Vidal, la cual fue agredida verbalmente por un concejal del Frente para la Victoria (FPV) de Luj\u00e1n, Leandro Boto, que qued\u00f3 en el centro de una fuerte pol\u00e9mica despu\u00e9s de que se filtrara un audio en el [&hellip;]<\/p>\n","protected":false},"author":4,"featured_media":5564,"comment_status":"open","ping_status":"closed","sticky":false,"template":"","format":"standard","meta":{"om_disable_all_campaigns":false,"_jetpack_memberships_contains_paid_content":false,"footnotes":""},"categories":[50,2,102],"tags":[],"class_list":["post-5562","post","type-post","status-publish","format-standard","has-post-thumbnail","hentry","category-destacadas","category-locales","category-politica-locales"],"aioseo_notices":[],"gutentor_comment":0,"jetpack_featured_media_url":"https:\/\/eldiariodesanpedro.com.ar\/sitio\/wp-content\/uploads\/2016\/06\/Cecilio-y-otros.jpg","jetpack_shortlink":"https:\/\/wp.me\/p6RhLt-1rI","jetpack_sharing_enabled":true,"_links":{"self":[{"href":"https:\/\/eldiariodesanpedro.com.ar\/sitio\/wp-json\/wp\/v2\/posts\/5562","targetHints":{"allow":["GET"]}}],"collection":[{"href":"https:\/\/eldiariodesanpedro.com.ar\/sitio\/wp-json\/wp\/v2\/posts"}],"about":[{"href":"https:\/\/eldiariodesanpedro.com.ar\/sitio\/wp-json\/wp\/v2\/types\/post"}],"author":[{"embeddable":true,"href":"https:\/\/eldiariodesanpedro.com.ar\/sitio\/wp-json\/wp\/v2\/users\/4"}],"replies":[{"embeddable":true,"href":"https:\/\/eldiariodesanpedro.com.ar\/sitio\/wp-json\/wp\/v2\/comments?post=5562"}],"version-history":[{"count":1,"href":"https:\/\/eldiariodesanpedro.com.ar\/sitio\/wp-json\/wp\/v2\/posts\/5562\/revisions"}],"predecessor-version":[{"id":5563,"href":"https:\/\/eldiariodesanpedro.com.ar\/sitio\/wp-json\/wp\/v2\/posts\/5562\/revisions\/5563"}],"wp:featuredmedia":[{"embeddable":true,"href":"https:\/\/eldiariodesanpedro.com.ar\/sitio\/wp-json\/wp\/v2\/media\/5564"}],"wp:attachment":[{"href":"https:\/\/eldiariodesanpedro.com.ar\/sitio\/wp-json\/wp\/v2\/media?parent=5562"}],"wp:term":[{"taxonomy":"category","embeddable":true,"href":"https:\/\/eldiariodesanpedro.com.ar\/sitio\/wp-json\/wp\/v2\/categories?post=5562"},{"taxonomy":"post_tag","embeddable":true,"href":"https:\/\/eldiariodesanpedro.com.ar\/sitio\/wp-json\/wp\/v2\/tags?post=5562"}],"curies":[{"name":"wp","href":"https:\/\/api.w.org\/{rel}","templated":true}]}}