{"id":55603,"date":"2019-07-04T08:20:43","date_gmt":"2019-07-04T11:20:43","guid":{"rendered":"https:\/\/eldiariodesanpedro.com.ar\/sitio\/?p=55603"},"modified":"2019-07-04T09:43:50","modified_gmt":"2019-07-04T12:43:50","slug":"balearon-a-pedro-alsogaray-y-mujer-en-un-intento-de-robo-en-su-casa","status":"publish","type":"post","link":"https:\/\/eldiariodesanpedro.com.ar\/sitio\/balearon-a-pedro-alsogaray-y-mujer-en-un-intento-de-robo-en-su-casa\/","title":{"rendered":"Balearon a Pedro Alsogaray y a su mujer en un intento de robo en su casa"},"content":{"rendered":"<!-- VideographyWP Plugin Message: Automatic video embedding prevented by plugin options. -->\n\n<p>Esta madrugada se produjo un intento de robo en la casa del reconocido comerciante Pedro Alsogaray y familia, en la zona del barrio Mitre.<\/p>\n\n\n\n<p>Al momento del hecho fueron baleados por un delincuente tanto Pedro como su esposa Victoria Amatriain. El primero recibi\u00f3 un disparo en la rodilla y su esposa en el h\u00edgado.<\/p>\n\n\n\n<p>Sucedi\u00f3 en la vivienda ubicada en calle 24 de Febrero al 2400 en el momento que la familia se encontraba dormitando.<\/p>\n\n\n\n<p>Segun la informacion que se pudo recaudar por testimonios de familiares,  un malviviente hab\u00eda  ingresado a la propiedad y cuando se encontraba intentando sacar un televisor de una de las habitaciones es sorprendido por Victoria, quien grita logrando que llegue Pedro a donde se encontraban.<\/p>\n\n\n\n<p>En ese momento el comerciante intenta sacar al delincuente y este efectua  disparos  logrando herir a Pedro en la rodilla y, Victoria se llev\u00f3 la peor parte porque el disparo para ella fue en la zona abdominal y su estado es grave.<\/p>\n\n\n\n<p>El delincuente en ese momento emprende huida, que hasta el momento se cree que otro lo esperaba afuera del domicilio haciendo campana. <\/p>\n\n\n\n<p>El Jefe de Guardia del Hospital Local, Dr Herbas, di\u00e1logo con los medios locales contando el estado de salud de Victoria, \u00abingresaron alrededor de las 4 de la ma\u00f1ana, una pareja herida de bala, la mujer de 41 a\u00f1os de edad era la que estaba en estado cr\u00edtico, tenia una herida de bala con una lesi\u00f3n en el h\u00edgado con una p\u00e9rdida hemorr\u00e1gica importante, fue intervenida quirurgicamente, se encuentra en terapia intensiva, vamos a esperar lo que si necesitamos donaciones de sangre 0 negativo porque se van hacer mas transfusiones\u00bb.<\/p>\n\n\n\n<p>En el lugar trabajan los jefes distritales, personal de criminolog\u00eda, DDI y la fiscalia local. El arma de fuego qued\u00f3 secuestrada.<\/p>\n\n\n\n<figure class=\"wp-block-embed-facebook wp-block-embed is-type-video is-provider-facebook\"><div class=\"wp-block-embed__wrapper\">\n<div class=\"fb-video\" data-allowfullscreen=\"true\" data-href=\"https:\/\/www.facebook.com\/eldiario.desanpedro\/videos\/378758556107361\/\" style=\"background-color: #fff; display: inline-block;\"><\/div>\n<\/div><\/figure>\n","protected":false},"excerpt":{"rendered":"<p>Esta madrugada se produjo un intento de robo en la casa del reconocido comerciante Pedro Alsogaray y familia, en la zona del barrio Mitre. Al momento del hecho fueron baleados por un delincuente tanto Pedro como su esposa Victoria Amatriain. El primero recibi\u00f3 un disparo en la rodilla y su esposa en el h\u00edgado. Sucedi\u00f3 [&hellip;]<\/p>\n","protected":false},"author":4,"featured_media":55613,"comment_status":"open","ping_status":"closed","sticky":false,"template":"","format":"standard","meta":{"om_disable_all_campaigns":false,"_jetpack_memberships_contains_paid_content":false,"footnotes":""},"categories":[50,2,103],"tags":[],"class_list":["post-55603","post","type-post","status-publish","format-standard","has-post-thumbnail","hentry","category-destacadas","category-locales","category-policiales-locales"],"aioseo_notices":[],"gutentor_comment":0,"jetpack_featured_media_url":"https:\/\/eldiariodesanpedro.com.ar\/sitio\/wp-content\/uploads\/2019\/07\/2019-07-04.png","jetpack_shortlink":"https:\/\/wp.me\/p6RhLt-esP","jetpack_sharing_enabled":true,"_links":{"self":[{"href":"https:\/\/eldiariodesanpedro.com.ar\/sitio\/wp-json\/wp\/v2\/posts\/55603","targetHints":{"allow":["GET"]}}],"collection":[{"href":"https:\/\/eldiariodesanpedro.com.ar\/sitio\/wp-json\/wp\/v2\/posts"}],"about":[{"href":"https:\/\/eldiariodesanpedro.com.ar\/sitio\/wp-json\/wp\/v2\/types\/post"}],"author":[{"embeddable":true,"href":"https:\/\/eldiariodesanpedro.com.ar\/sitio\/wp-json\/wp\/v2\/users\/4"}],"replies":[{"embeddable":true,"href":"https:\/\/eldiariodesanpedro.com.ar\/sitio\/wp-json\/wp\/v2\/comments?post=55603"}],"version-history":[{"count":7,"href":"https:\/\/eldiariodesanpedro.com.ar\/sitio\/wp-json\/wp\/v2\/posts\/55603\/revisions"}],"predecessor-version":[{"id":55629,"href":"https:\/\/eldiariodesanpedro.com.ar\/sitio\/wp-json\/wp\/v2\/posts\/55603\/revisions\/55629"}],"wp:featuredmedia":[{"embeddable":true,"href":"https:\/\/eldiariodesanpedro.com.ar\/sitio\/wp-json\/wp\/v2\/media\/55613"}],"wp:attachment":[{"href":"https:\/\/eldiariodesanpedro.com.ar\/sitio\/wp-json\/wp\/v2\/media?parent=55603"}],"wp:term":[{"taxonomy":"category","embeddable":true,"href":"https:\/\/eldiariodesanpedro.com.ar\/sitio\/wp-json\/wp\/v2\/categories?post=55603"},{"taxonomy":"post_tag","embeddable":true,"href":"https:\/\/eldiariodesanpedro.com.ar\/sitio\/wp-json\/wp\/v2\/tags?post=55603"}],"curies":[{"name":"wp","href":"https:\/\/api.w.org\/{rel}","templated":true}]}}