{"id":55595,"date":"2019-07-03T19:30:57","date_gmt":"2019-07-03T22:30:57","guid":{"rendered":"https:\/\/eldiariodesanpedro.com.ar\/sitio\/?p=55595"},"modified":"2019-07-03T19:31:01","modified_gmt":"2019-07-03T22:31:01","slug":"mecheros-robaron-tres-telefonos-celulares-en-un-local-centrico","status":"publish","type":"post","link":"https:\/\/eldiariodesanpedro.com.ar\/sitio\/mecheros-robaron-tres-telefonos-celulares-en-un-local-centrico\/","title":{"rendered":"Mecheros: Robaron tres tel\u00e9fonos celulares en un local c\u00e9ntrico"},"content":{"rendered":"<!-- VideographyWP Plugin Message: Automatic video embedding prevented by plugin options. -->\n\n<p>Sucedi\u00f3 en la tarde noche de este mi\u00e9rcoles, la empleada se encontraba trabajando sola al momento del hecho, una mujer la entretuvo haciendo preguntas por un celular y la joven que la acompa\u00f1aba o un hombre que ingres\u00f3 despu\u00e9s, podr\u00edan ser los autores. Los tel\u00e9fonos que sustrajeron suman un valor de 80 mil pesos.<\/p>\n\n\n\n<p>El comercio se encuentra ubicado en calle Mitre al 800,  en la zona c\u00e9ntrica de nuestra ciudad, \u00abCeiba Tec Tecnolog\u00eda\u00bb es una casa de ventas de elementos electr\u00f3nicos.<\/p>\n\n\n\n<p>\u00abEn un momento entra una mujer de aproximadamente 50 a\u00f1os con otra chica, la se\u00f1ora me entretiene  pregunt\u00e1ndome detalles de un celular y la otra se aleja mirando cosas, en ese momento entra un hombre mayor de edad con un nene quien estuvo unos minutos y se va\u00bb, contaba la empleada a este medio.<\/p>\n\n\n\n<p>\u00abAl momento que todos se van, me doy cuenta que el mueble vidriera que se encuentra en el medio del local cuando ingresas donde se exponen los modelos de tel\u00e9fono celulares, faltaban tres, un Samsung J6, un J6 Plus y un S9 Plus\u00bb.<\/p>\n\n\n\n<p>Personal policial acudi\u00f3 r\u00e1pidamente al lugar y se encuentra en investigaci\u00f3n con c\u00e1maras de seguridad y operativo cerrojo en la zona.<\/p>\n\n\n\n<p> <\/p>\n","protected":false},"excerpt":{"rendered":"<p>Sucedi\u00f3 en la tarde noche de este mi\u00e9rcoles, la empleada se encontraba trabajando sola al momento del hecho, una mujer la entretuvo haciendo preguntas por un celular y la joven que la acompa\u00f1aba o un hombre que ingres\u00f3 despu\u00e9s, podr\u00edan ser los autores. Los tel\u00e9fonos que sustrajeron suman un valor de 80 mil pesos. El [&hellip;]<\/p>\n","protected":false},"author":4,"featured_media":55597,"comment_status":"open","ping_status":"closed","sticky":false,"template":"","format":"standard","meta":{"om_disable_all_campaigns":false,"_jetpack_memberships_contains_paid_content":false,"footnotes":""},"categories":[50,2,103],"tags":[],"class_list":["post-55595","post","type-post","status-publish","format-standard","has-post-thumbnail","hentry","category-destacadas","category-locales","category-policiales-locales"],"aioseo_notices":[],"gutentor_comment":0,"jetpack_featured_media_url":"https:\/\/eldiariodesanpedro.com.ar\/sitio\/wp-content\/uploads\/2019\/07\/20190703_184748.jpg","jetpack_shortlink":"https:\/\/wp.me\/p6RhLt-esH","jetpack_sharing_enabled":true,"_links":{"self":[{"href":"https:\/\/eldiariodesanpedro.com.ar\/sitio\/wp-json\/wp\/v2\/posts\/55595","targetHints":{"allow":["GET"]}}],"collection":[{"href":"https:\/\/eldiariodesanpedro.com.ar\/sitio\/wp-json\/wp\/v2\/posts"}],"about":[{"href":"https:\/\/eldiariodesanpedro.com.ar\/sitio\/wp-json\/wp\/v2\/types\/post"}],"author":[{"embeddable":true,"href":"https:\/\/eldiariodesanpedro.com.ar\/sitio\/wp-json\/wp\/v2\/users\/4"}],"replies":[{"embeddable":true,"href":"https:\/\/eldiariodesanpedro.com.ar\/sitio\/wp-json\/wp\/v2\/comments?post=55595"}],"version-history":[{"count":1,"href":"https:\/\/eldiariodesanpedro.com.ar\/sitio\/wp-json\/wp\/v2\/posts\/55595\/revisions"}],"predecessor-version":[{"id":55598,"href":"https:\/\/eldiariodesanpedro.com.ar\/sitio\/wp-json\/wp\/v2\/posts\/55595\/revisions\/55598"}],"wp:featuredmedia":[{"embeddable":true,"href":"https:\/\/eldiariodesanpedro.com.ar\/sitio\/wp-json\/wp\/v2\/media\/55597"}],"wp:attachment":[{"href":"https:\/\/eldiariodesanpedro.com.ar\/sitio\/wp-json\/wp\/v2\/media?parent=55595"}],"wp:term":[{"taxonomy":"category","embeddable":true,"href":"https:\/\/eldiariodesanpedro.com.ar\/sitio\/wp-json\/wp\/v2\/categories?post=55595"},{"taxonomy":"post_tag","embeddable":true,"href":"https:\/\/eldiariodesanpedro.com.ar\/sitio\/wp-json\/wp\/v2\/tags?post=55595"}],"curies":[{"name":"wp","href":"https:\/\/api.w.org\/{rel}","templated":true}]}}