{"id":55592,"date":"2019-07-03T17:39:37","date_gmt":"2019-07-03T20:39:37","guid":{"rendered":"https:\/\/eldiariodesanpedro.com.ar\/sitio\/?p=55592"},"modified":"2019-07-03T17:39:42","modified_gmt":"2019-07-03T20:39:42","slug":"zarate-detuvieron-a-otro-sospechoso-integrante-de-la-banda-de-las-mascaras-que-robo-el-supermercado-chino","status":"publish","type":"post","link":"https:\/\/eldiariodesanpedro.com.ar\/sitio\/zarate-detuvieron-a-otro-sospechoso-integrante-de-la-banda-de-las-mascaras-que-robo-el-supermercado-chino\/","title":{"rendered":"Z\u00c1RATE: Detuvieron a otro sospechoso integrante de la banda de las m\u00e1scaras que rob\u00f3 el Supermercado Chino"},"content":{"rendered":"<!-- VideographyWP Plugin Message: Automatic video embedding prevented by plugin options. -->\n\n<p>En las \u00faltimas horas se produjo la detenci\u00f3n de otro sospechoso de haber participado del robo al supermercado ubicado en Pueyrred\u00f3n y Urquiza en el mes de mayo.<\/p>\n\n\n\n<p>En el hecho, los ladrones irrumpieron cerca del horario de cierre del local llamado \u201cSuper Paz\u201d, fuertemente armados y portando m\u00e1scaras para cubrir sus rostros de manera tal que no se los pueda identificar. Todo el accionar delictivo qued\u00f3 registrado en las c\u00e1maras de seguridad del comercio elemento clave para el desarrollo de la investigaci\u00f3n.<\/p>\n\n\n\n<p>En la jornada de ayer, la Justicia solicit\u00f3 al Juzgado de Garant\u00edas N\u00b0 2 la orden de allanamiento en calle Juan B. Justo al 2300 a la que hizo lugar el Dr. Julio Grassi que permiti\u00f3 la detenci\u00f3n del segundo acusado de haber participado del robo al supermercado.<\/p>\n\n\n\n<p>En el allanamiento efectuado en su domicilio fue secuestrada una motocicleta que a ra\u00edz de las im\u00e1genes que quedaron registradas en las c\u00e1maras de seguridad se determin\u00f3 que fue la mismo que utilizaron los malvivientes para cometer el atraco.<\/p>\n\n\n\n<p>Fuente: Impacto Local<\/p>\n","protected":false},"excerpt":{"rendered":"<p>En las \u00faltimas horas se produjo la detenci\u00f3n de otro sospechoso de haber participado del robo al supermercado ubicado en Pueyrred\u00f3n y Urquiza en el mes de mayo. En el hecho, los ladrones irrumpieron cerca del horario de cierre del local llamado \u201cSuper Paz\u201d, fuertemente armados y portando m\u00e1scaras para cubrir sus rostros de manera [&hellip;]<\/p>\n","protected":false},"author":4,"featured_media":0,"comment_status":"open","ping_status":"closed","sticky":false,"template":"","format":"standard","meta":{"om_disable_all_campaigns":false,"_jetpack_memberships_contains_paid_content":false,"footnotes":""},"categories":[2],"tags":[],"class_list":["post-55592","post","type-post","status-publish","format-standard","hentry","category-locales"],"aioseo_notices":[],"gutentor_comment":0,"jetpack_featured_media_url":"","jetpack_shortlink":"https:\/\/wp.me\/p6RhLt-esE","jetpack_sharing_enabled":true,"_links":{"self":[{"href":"https:\/\/eldiariodesanpedro.com.ar\/sitio\/wp-json\/wp\/v2\/posts\/55592","targetHints":{"allow":["GET"]}}],"collection":[{"href":"https:\/\/eldiariodesanpedro.com.ar\/sitio\/wp-json\/wp\/v2\/posts"}],"about":[{"href":"https:\/\/eldiariodesanpedro.com.ar\/sitio\/wp-json\/wp\/v2\/types\/post"}],"author":[{"embeddable":true,"href":"https:\/\/eldiariodesanpedro.com.ar\/sitio\/wp-json\/wp\/v2\/users\/4"}],"replies":[{"embeddable":true,"href":"https:\/\/eldiariodesanpedro.com.ar\/sitio\/wp-json\/wp\/v2\/comments?post=55592"}],"version-history":[{"count":1,"href":"https:\/\/eldiariodesanpedro.com.ar\/sitio\/wp-json\/wp\/v2\/posts\/55592\/revisions"}],"predecessor-version":[{"id":55593,"href":"https:\/\/eldiariodesanpedro.com.ar\/sitio\/wp-json\/wp\/v2\/posts\/55592\/revisions\/55593"}],"wp:attachment":[{"href":"https:\/\/eldiariodesanpedro.com.ar\/sitio\/wp-json\/wp\/v2\/media?parent=55592"}],"wp:term":[{"taxonomy":"category","embeddable":true,"href":"https:\/\/eldiariodesanpedro.com.ar\/sitio\/wp-json\/wp\/v2\/categories?post=55592"},{"taxonomy":"post_tag","embeddable":true,"href":"https:\/\/eldiariodesanpedro.com.ar\/sitio\/wp-json\/wp\/v2\/tags?post=55592"}],"curies":[{"name":"wp","href":"https:\/\/api.w.org\/{rel}","templated":true}]}}