{"id":5559,"date":"2016-06-17T19:15:28","date_gmt":"2016-06-17T22:15:28","guid":{"rendered":"https:\/\/eldiariodesanpedro.com.ar\/sitio\/?p=5559"},"modified":"2016-06-17T19:15:28","modified_gmt":"2016-06-17T22:15:28","slug":"tarifazo-de-gas-concejales-de-la-oposicion-presentaron-un-amparo-para-que-la-medida-se-retrotraiga","status":"publish","type":"post","link":"https:\/\/eldiariodesanpedro.com.ar\/sitio\/tarifazo-de-gas-concejales-de-la-oposicion-presentaron-un-amparo-para-que-la-medida-se-retrotraiga\/","title":{"rendered":"Tarifazo de gas: Concejales de la oposici\u00f3n presentaron un amparo para que la medida se retrotraiga"},"content":{"rendered":"<p><!-- VideographyWP Plugin Message: Automatic video embedding prevented by plugin options. --><br \/>\nLos integrantes de los distintos bloques realizaron la presentaci\u00f3n en el Juzgado Federal N\u00ba 1 de San Nicol\u00e1s para que el aumento de gas se retrotraiga al \u00faltimo aumento otorgado por el Ministerio de Energ\u00eda el pasado 1\u00ba de abril. Participaron de la iniciativa los ediles Rodolfo Trelles, Dami\u00e1n Mosquera y Florencia S\u00e1nchez (PJ FpV), Ariel Ramanzini (quien adem\u00e1s es el abogado patrocinante), Jos\u00e9 Luis Tirelli, Patricia Rocca (Frente Renovador), Am\u00e9rico Quintana (Doctrina y Convicci\u00f3n Peronista) y Dalmy Butti (Independientes por San Pedro).<br \/>\n\u00abLo que estamos haciendo desde el Concejo Deliberante, puntualmente desde nuestro bloque, que toda la gente que quiera se acerque, que si le corresponde o no la tarifa social, ayudarlas a tramitarla\u00bb, se\u00f1al\u00f3 el presidente del bloque Frente Renovador. Adem\u00e1s explic\u00f3 qui\u00e9nes entran dentro del requisito: \u00abPara personas que ganan menos de 12.100 pesos, que tenga una sola propiedad, y que no tenga un veh\u00edculo de menos de 15 a\u00f1os. Entre otros requisitos, eso es lo que se requiere para ingresar a la tarifa social\u00bb.<br \/>\nEn tanto, se refiri\u00f3 a la medida judicial que presentaron junto a otros bloques. Se \u00abtrata de una acci\u00f3n de amparo\u00bb que \u00abhace tiempo venimos trabajando e inclusive nos hemos contactado con las asociaciones de defensa del consumidor y la idea es nosotros presentarnos en representaci\u00f3n de todos los usuarios del servicio de gas de San Pedro para poder interponer ante la Justicia este reclamo que consideramos que corresponde porque los aumentos han sido exorbitantes, en muchos casos superan el 1000%\u00bb.<br \/>\n\u00abTiene como objeto lograr la suspensi\u00f3n de los efectos derivados de la resoluci\u00f3n 3731, que es la que determina el nuevo cuadro tarifario aplicable al gas\u00bb, dijo el edil y ejemplific\u00f3: \u201cUna se\u00f1ora, que es jubilada, que vino ac\u00e1 con un recibo de haberes que gana 4.200 pesos, le ven\u00eda 200 pesos de gas y actualmente le viene 1400&#8243;.<br \/>\nAdem\u00e1s consider\u00f3 que \u00abno se ha cumplido con todos los requisitos legales para que esos aumentos sean procedentes. Tiene que haber una audiencia p\u00fablica, que as\u00ed lo determina la propia normativa, y como no se ha dado a publicidad todo el cuadro tarifario para que la gente pueda saber desde cu\u00e1ndo y c\u00f3mo corresponde el aumento es que nosotros vamos a interponer esta medida judicial, porque la consideramos irracional y arbitraria\u00bb.<\/p>\n","protected":false},"excerpt":{"rendered":"<p>Los integrantes de los distintos bloques realizaron la presentaci\u00f3n en el Juzgado Federal N\u00ba 1 de San Nicol\u00e1s para que el aumento de gas se retrotraiga al \u00faltimo aumento otorgado por el Ministerio de Energ\u00eda el pasado 1\u00ba de abril. Participaron de la iniciativa los ediles Rodolfo Trelles, Dami\u00e1n Mosquera y Florencia S\u00e1nchez (PJ FpV), [&hellip;]<\/p>\n","protected":false},"author":4,"featured_media":5560,"comment_status":"open","ping_status":"closed","sticky":false,"template":"","format":"standard","meta":{"om_disable_all_campaigns":false,"_jetpack_memberships_contains_paid_content":false,"footnotes":""},"categories":[50,101,2],"tags":[],"class_list":["post-5559","post","type-post","status-publish","format-standard","has-post-thumbnail","hentry","category-destacadas","category-interes-general-locales","category-locales"],"aioseo_notices":[],"gutentor_comment":0,"jetpack_featured_media_url":"https:\/\/eldiariodesanpedro.com.ar\/sitio\/wp-content\/uploads\/2016\/06\/FOTO-TAPA.jpg","jetpack_shortlink":"https:\/\/wp.me\/p6RhLt-1rF","jetpack_sharing_enabled":true,"_links":{"self":[{"href":"https:\/\/eldiariodesanpedro.com.ar\/sitio\/wp-json\/wp\/v2\/posts\/5559","targetHints":{"allow":["GET"]}}],"collection":[{"href":"https:\/\/eldiariodesanpedro.com.ar\/sitio\/wp-json\/wp\/v2\/posts"}],"about":[{"href":"https:\/\/eldiariodesanpedro.com.ar\/sitio\/wp-json\/wp\/v2\/types\/post"}],"author":[{"embeddable":true,"href":"https:\/\/eldiariodesanpedro.com.ar\/sitio\/wp-json\/wp\/v2\/users\/4"}],"replies":[{"embeddable":true,"href":"https:\/\/eldiariodesanpedro.com.ar\/sitio\/wp-json\/wp\/v2\/comments?post=5559"}],"version-history":[{"count":1,"href":"https:\/\/eldiariodesanpedro.com.ar\/sitio\/wp-json\/wp\/v2\/posts\/5559\/revisions"}],"predecessor-version":[{"id":5561,"href":"https:\/\/eldiariodesanpedro.com.ar\/sitio\/wp-json\/wp\/v2\/posts\/5559\/revisions\/5561"}],"wp:featuredmedia":[{"embeddable":true,"href":"https:\/\/eldiariodesanpedro.com.ar\/sitio\/wp-json\/wp\/v2\/media\/5560"}],"wp:attachment":[{"href":"https:\/\/eldiariodesanpedro.com.ar\/sitio\/wp-json\/wp\/v2\/media?parent=5559"}],"wp:term":[{"taxonomy":"category","embeddable":true,"href":"https:\/\/eldiariodesanpedro.com.ar\/sitio\/wp-json\/wp\/v2\/categories?post=5559"},{"taxonomy":"post_tag","embeddable":true,"href":"https:\/\/eldiariodesanpedro.com.ar\/sitio\/wp-json\/wp\/v2\/tags?post=5559"}],"curies":[{"name":"wp","href":"https:\/\/api.w.org\/{rel}","templated":true}]}}