{"id":55584,"date":"2019-07-03T17:34:13","date_gmt":"2019-07-03T20:34:13","guid":{"rendered":"https:\/\/eldiariodesanpedro.com.ar\/sitio\/?p=55584"},"modified":"2019-07-03T17:34:17","modified_gmt":"2019-07-03T20:34:17","slug":"baradero-delincuentes-desvalijaron-una-vivienda","status":"publish","type":"post","link":"https:\/\/eldiariodesanpedro.com.ar\/sitio\/baradero-delincuentes-desvalijaron-una-vivienda\/","title":{"rendered":"BARADERO: Delincuentes desvalijaron una vivienda"},"content":{"rendered":"<!-- VideographyWP Plugin Message: Automatic video embedding prevented by plugin options. -->\n\n<p>\n\nSe llevaron un Tv, un equipo de m\u00fasica, una valija, caja de herramientas y otros elementos mas como una bicicleta.<\/p>\n\n\n\n<p>Un vecino de profesi\u00f3n camionero se ausento de su hogar en Mart\u00edn de Gainza al 3250 aproximadamente el d\u00eda 25 y al regresar el S\u00e1bado 29, constata que ignorados hab\u00edan ingresado a su casa y se llevaron un Tv, un equipo de m\u00fasica, una valija, caja de herramientas y otros elementos mas como una bicicleta.<\/p>\n\n\n\n<p>El hombre radico la denuncia y estamos en la investigaci\u00f3n del hecho afirmo el subcomisario Facundo Fioravantti.<\/p>\n","protected":false},"excerpt":{"rendered":"<p>Se llevaron un Tv, un equipo de m\u00fasica, una valija, caja de herramientas y otros elementos mas como una bicicleta. Un vecino de profesi\u00f3n camionero se ausento de su hogar en Mart\u00edn de Gainza al 3250 aproximadamente el d\u00eda 25 y al regresar el S\u00e1bado 29, constata que ignorados hab\u00edan ingresado a su casa y [&hellip;]<\/p>\n","protected":false},"author":4,"featured_media":55585,"comment_status":"open","ping_status":"closed","sticky":false,"template":"","format":"standard","meta":{"om_disable_all_campaigns":false,"_jetpack_memberships_contains_paid_content":false,"footnotes":""},"categories":[621],"tags":[],"class_list":["post-55584","post","type-post","status-publish","format-standard","has-post-thumbnail","hentry","category-regionales"],"aioseo_notices":[],"gutentor_comment":0,"jetpack_featured_media_url":"https:\/\/eldiariodesanpedro.com.ar\/sitio\/wp-content\/uploads\/2019\/07\/patrulla-policia-bonaerense-movil-policia.jpeg","jetpack_shortlink":"https:\/\/wp.me\/p6RhLt-esw","jetpack_sharing_enabled":true,"_links":{"self":[{"href":"https:\/\/eldiariodesanpedro.com.ar\/sitio\/wp-json\/wp\/v2\/posts\/55584","targetHints":{"allow":["GET"]}}],"collection":[{"href":"https:\/\/eldiariodesanpedro.com.ar\/sitio\/wp-json\/wp\/v2\/posts"}],"about":[{"href":"https:\/\/eldiariodesanpedro.com.ar\/sitio\/wp-json\/wp\/v2\/types\/post"}],"author":[{"embeddable":true,"href":"https:\/\/eldiariodesanpedro.com.ar\/sitio\/wp-json\/wp\/v2\/users\/4"}],"replies":[{"embeddable":true,"href":"https:\/\/eldiariodesanpedro.com.ar\/sitio\/wp-json\/wp\/v2\/comments?post=55584"}],"version-history":[{"count":1,"href":"https:\/\/eldiariodesanpedro.com.ar\/sitio\/wp-json\/wp\/v2\/posts\/55584\/revisions"}],"predecessor-version":[{"id":55586,"href":"https:\/\/eldiariodesanpedro.com.ar\/sitio\/wp-json\/wp\/v2\/posts\/55584\/revisions\/55586"}],"wp:featuredmedia":[{"embeddable":true,"href":"https:\/\/eldiariodesanpedro.com.ar\/sitio\/wp-json\/wp\/v2\/media\/55585"}],"wp:attachment":[{"href":"https:\/\/eldiariodesanpedro.com.ar\/sitio\/wp-json\/wp\/v2\/media?parent=55584"}],"wp:term":[{"taxonomy":"category","embeddable":true,"href":"https:\/\/eldiariodesanpedro.com.ar\/sitio\/wp-json\/wp\/v2\/categories?post=55584"},{"taxonomy":"post_tag","embeddable":true,"href":"https:\/\/eldiariodesanpedro.com.ar\/sitio\/wp-json\/wp\/v2\/tags?post=55584"}],"curies":[{"name":"wp","href":"https:\/\/api.w.org\/{rel}","templated":true}]}}