{"id":55581,"date":"2019-07-03T17:32:39","date_gmt":"2019-07-03T20:32:39","guid":{"rendered":"https:\/\/eldiariodesanpedro.com.ar\/sitio\/?p=55581"},"modified":"2019-07-03T17:42:28","modified_gmt":"2019-07-03T20:42:28","slug":"campana-trompo-y-vuelco-de-vehiculo-en-rpn6","status":"publish","type":"post","link":"https:\/\/eldiariodesanpedro.com.ar\/sitio\/campana-trompo-y-vuelco-de-vehiculo-en-rpn6\/","title":{"rendered":"CAMPANA: Trompo y vuelco de veh\u00edculo en RPN6"},"content":{"rendered":"<!-- VideographyWP Plugin Message: Automatic video embedding prevented by plugin options. -->\n\n<p> Este miercoles a las 5.40 un veh\u00edculo de alquiler dio vueltas en trompo y volc\u00f3 sobre RPN\u00b06, ramal San Felipe, mano al centro de Campana a 200 metros del camping del Sindicato de Trabajadores Municipales de nuestra ciudad.<\/p>\n\n\n\n<p>El autom\u00f3vil marca Fiat Siena Fire qued\u00f3 completamente destruido luego de que su conductor esquivara a un perro que se cruz\u00f3 en la oscuridad de la noche. El remisero fue trasladado por una ambulancia del SAME al nosocomio local con un corte en la frente.<\/p>\n\n\n\n<p>Presente en el lugar personal del Comando de Patrulla.<\/p>\n\n\n\n<p>Fuente: Campana Noticias<\/p>\n","protected":false},"excerpt":{"rendered":"<p>Este miercoles a las 5.40 un veh\u00edculo de alquiler dio vueltas en trompo y volc\u00f3 sobre RPN\u00b06, ramal San Felipe, mano al centro de Campana a 200 metros del camping del Sindicato de Trabajadores Municipales de nuestra ciudad. El autom\u00f3vil marca Fiat Siena Fire qued\u00f3 completamente destruido luego de que su conductor esquivara a un [&hellip;]<\/p>\n","protected":false},"author":4,"featured_media":55582,"comment_status":"open","ping_status":"closed","sticky":false,"template":"","format":"standard","meta":{"om_disable_all_campaigns":false,"_jetpack_memberships_contains_paid_content":false,"footnotes":""},"categories":[621],"tags":[],"class_list":["post-55581","post","type-post","status-publish","format-standard","has-post-thumbnail","hentry","category-regionales"],"aioseo_notices":[],"gutentor_comment":0,"jetpack_featured_media_url":"https:\/\/eldiariodesanpedro.com.ar\/sitio\/wp-content\/uploads\/2019\/07\/whatsapp-image-2019-07-03-at-11.14.37-3.jpg","jetpack_shortlink":"https:\/\/wp.me\/p6RhLt-est","jetpack_sharing_enabled":true,"_links":{"self":[{"href":"https:\/\/eldiariodesanpedro.com.ar\/sitio\/wp-json\/wp\/v2\/posts\/55581","targetHints":{"allow":["GET"]}}],"collection":[{"href":"https:\/\/eldiariodesanpedro.com.ar\/sitio\/wp-json\/wp\/v2\/posts"}],"about":[{"href":"https:\/\/eldiariodesanpedro.com.ar\/sitio\/wp-json\/wp\/v2\/types\/post"}],"author":[{"embeddable":true,"href":"https:\/\/eldiariodesanpedro.com.ar\/sitio\/wp-json\/wp\/v2\/users\/4"}],"replies":[{"embeddable":true,"href":"https:\/\/eldiariodesanpedro.com.ar\/sitio\/wp-json\/wp\/v2\/comments?post=55581"}],"version-history":[{"count":1,"href":"https:\/\/eldiariodesanpedro.com.ar\/sitio\/wp-json\/wp\/v2\/posts\/55581\/revisions"}],"predecessor-version":[{"id":55583,"href":"https:\/\/eldiariodesanpedro.com.ar\/sitio\/wp-json\/wp\/v2\/posts\/55581\/revisions\/55583"}],"wp:featuredmedia":[{"embeddable":true,"href":"https:\/\/eldiariodesanpedro.com.ar\/sitio\/wp-json\/wp\/v2\/media\/55582"}],"wp:attachment":[{"href":"https:\/\/eldiariodesanpedro.com.ar\/sitio\/wp-json\/wp\/v2\/media?parent=55581"}],"wp:term":[{"taxonomy":"category","embeddable":true,"href":"https:\/\/eldiariodesanpedro.com.ar\/sitio\/wp-json\/wp\/v2\/categories?post=55581"},{"taxonomy":"post_tag","embeddable":true,"href":"https:\/\/eldiariodesanpedro.com.ar\/sitio\/wp-json\/wp\/v2\/tags?post=55581"}],"curies":[{"name":"wp","href":"https:\/\/api.w.org\/{rel}","templated":true}]}}