{"id":55578,"date":"2019-07-03T17:30:18","date_gmt":"2019-07-03T20:30:18","guid":{"rendered":"https:\/\/eldiariodesanpedro.com.ar\/sitio\/?p=55578"},"modified":"2019-07-03T17:30:23","modified_gmt":"2019-07-03T20:30:23","slug":"ramallo-camionero-herido-en-un-grave-accidente-en-la-ruta-9","status":"publish","type":"post","link":"https:\/\/eldiariodesanpedro.com.ar\/sitio\/ramallo-camionero-herido-en-un-grave-accidente-en-la-ruta-9\/","title":{"rendered":"RAMALLO: Camionero herido en un grave accidente en la Ruta 9"},"content":{"rendered":"<!-- VideographyWP Plugin Message: Automatic video embedding prevented by plugin options. -->\n\n<p>Esta ma\u00f1ana se produjo un accidente en la autopista Buenos Aires Rosario entre dos rodados de gran porte que tuvo como consecuencia un hospitalizado.<\/p>\n\n\n\n<p>La colisi\u00f3n fue a las 7 de la ma\u00f1ana y tuvo como protagonistas a un cami\u00f3n Fiat -conducido por Fabio L\u00f3pez- con otro de marca Mercedes Benz en el que iba a bordo Jos\u00e9 De Arrieta, oriundo de la localidad de Z\u00e1rate.<\/p>\n\n\n\n<p>Si bien las circunstancias son materia de investigaci\u00f3n, la consecuencia del impacto entre ambos fue que L\u00f3pez fue trasladado al Hospital San Felipe nicole\u00f1o y el carril qued\u00f3 inhabilitado por un buen rato.<\/p>\n\n\n\n<p>La comisar\u00eda segunda de Villa Ramallo inform\u00f3 que personal de Seguridad Vial realiz\u00f3 tareas para restablecer el normal funcionamiento y circulaci\u00f3n de la autov\u00eda.<\/p>\n\n\n\n<p>En cuanto a la causa judicial derivada del choque, se estableci\u00f3 una bajo la car\u00e1tula de Lesiones Culposas con la intervenci\u00f3n de la Ayudant\u00eda Fiscal de Ramallo.<\/p>\n\n\n\n<p>Fuente: Ramallo Informa<\/p>\n","protected":false},"excerpt":{"rendered":"<p>Esta ma\u00f1ana se produjo un accidente en la autopista Buenos Aires Rosario entre dos rodados de gran porte que tuvo como consecuencia un hospitalizado. La colisi\u00f3n fue a las 7 de la ma\u00f1ana y tuvo como protagonistas a un cami\u00f3n Fiat -conducido por Fabio L\u00f3pez- con otro de marca Mercedes Benz en el que iba [&hellip;]<\/p>\n","protected":false},"author":4,"featured_media":55579,"comment_status":"open","ping_status":"closed","sticky":false,"template":"","format":"standard","meta":{"om_disable_all_campaigns":false,"_jetpack_memberships_contains_paid_content":false,"footnotes":""},"categories":[621],"tags":[],"class_list":["post-55578","post","type-post","status-publish","format-standard","has-post-thumbnail","hentry","category-regionales"],"aioseo_notices":[],"gutentor_comment":0,"jetpack_featured_media_url":"https:\/\/eldiariodesanpedro.com.ar\/sitio\/wp-content\/uploads\/2019\/07\/choque_7.jpg","jetpack_shortlink":"https:\/\/wp.me\/p6RhLt-esq","jetpack_sharing_enabled":true,"_links":{"self":[{"href":"https:\/\/eldiariodesanpedro.com.ar\/sitio\/wp-json\/wp\/v2\/posts\/55578","targetHints":{"allow":["GET"]}}],"collection":[{"href":"https:\/\/eldiariodesanpedro.com.ar\/sitio\/wp-json\/wp\/v2\/posts"}],"about":[{"href":"https:\/\/eldiariodesanpedro.com.ar\/sitio\/wp-json\/wp\/v2\/types\/post"}],"author":[{"embeddable":true,"href":"https:\/\/eldiariodesanpedro.com.ar\/sitio\/wp-json\/wp\/v2\/users\/4"}],"replies":[{"embeddable":true,"href":"https:\/\/eldiariodesanpedro.com.ar\/sitio\/wp-json\/wp\/v2\/comments?post=55578"}],"version-history":[{"count":1,"href":"https:\/\/eldiariodesanpedro.com.ar\/sitio\/wp-json\/wp\/v2\/posts\/55578\/revisions"}],"predecessor-version":[{"id":55580,"href":"https:\/\/eldiariodesanpedro.com.ar\/sitio\/wp-json\/wp\/v2\/posts\/55578\/revisions\/55580"}],"wp:featuredmedia":[{"embeddable":true,"href":"https:\/\/eldiariodesanpedro.com.ar\/sitio\/wp-json\/wp\/v2\/media\/55579"}],"wp:attachment":[{"href":"https:\/\/eldiariodesanpedro.com.ar\/sitio\/wp-json\/wp\/v2\/media?parent=55578"}],"wp:term":[{"taxonomy":"category","embeddable":true,"href":"https:\/\/eldiariodesanpedro.com.ar\/sitio\/wp-json\/wp\/v2\/categories?post=55578"},{"taxonomy":"post_tag","embeddable":true,"href":"https:\/\/eldiariodesanpedro.com.ar\/sitio\/wp-json\/wp\/v2\/tags?post=55578"}],"curies":[{"name":"wp","href":"https:\/\/api.w.org\/{rel}","templated":true}]}}