{"id":55570,"date":"2019-07-03T11:42:03","date_gmt":"2019-07-03T14:42:03","guid":{"rendered":"https:\/\/eldiariodesanpedro.com.ar\/sitio\/?p=55570"},"modified":"2019-07-03T11:42:08","modified_gmt":"2019-07-03T14:42:08","slug":"arriba-un-nuevo-buque-al-puerto-local-2","status":"publish","type":"post","link":"https:\/\/eldiariodesanpedro.com.ar\/sitio\/arriba-un-nuevo-buque-al-puerto-local-2\/","title":{"rendered":"Arriba un nuevo buque al puerto local"},"content":{"rendered":"<!-- VideographyWP Plugin Message: Automatic video embedding prevented by plugin options. -->\n\n<p>Desde el Consorcio de Gesti\u00f3n del Puerto San Pedro se comunic\u00f3 el arribo el d\u00eda Mi\u00e9rcoles 03 de Julio, de un buque denominado \u201cAchislles Bulker\u201d de bandera de Panam\u00e1.<\/p>\n\n\n\n<p>El barco de 177 metros de eslora y operar\u00e1 en el muelle elevador, en donde cargar\u00e1  <br> 30000 toneladas aproximadamente  de Ma\u00edz y Soja a granel con destino a Estados Unidos. <\/p>\n","protected":false},"excerpt":{"rendered":"<p>Desde el Consorcio de Gesti\u00f3n del Puerto San Pedro se comunic\u00f3 el arribo el d\u00eda Mi\u00e9rcoles 03 de Julio, de un buque denominado \u201cAchislles Bulker\u201d de bandera de Panam\u00e1. El barco de 177 metros de eslora y operar\u00e1 en el muelle elevador, en donde cargar\u00e1 30000 toneladas aproximadamente de Ma\u00edz y Soja a granel con [&hellip;]<\/p>\n","protected":false},"author":4,"featured_media":55571,"comment_status":"open","ping_status":"closed","sticky":false,"template":"","format":"standard","meta":{"om_disable_all_campaigns":false,"_jetpack_memberships_contains_paid_content":false,"footnotes":""},"categories":[101,2],"tags":[],"class_list":["post-55570","post","type-post","status-publish","format-standard","has-post-thumbnail","hentry","category-interes-general-locales","category-locales"],"aioseo_notices":[],"gutentor_comment":0,"jetpack_featured_media_url":"https:\/\/eldiariodesanpedro.com.ar\/sitio\/wp-content\/uploads\/2019\/07\/1620284.jpg","jetpack_shortlink":"https:\/\/wp.me\/p6RhLt-esi","jetpack_sharing_enabled":true,"_links":{"self":[{"href":"https:\/\/eldiariodesanpedro.com.ar\/sitio\/wp-json\/wp\/v2\/posts\/55570","targetHints":{"allow":["GET"]}}],"collection":[{"href":"https:\/\/eldiariodesanpedro.com.ar\/sitio\/wp-json\/wp\/v2\/posts"}],"about":[{"href":"https:\/\/eldiariodesanpedro.com.ar\/sitio\/wp-json\/wp\/v2\/types\/post"}],"author":[{"embeddable":true,"href":"https:\/\/eldiariodesanpedro.com.ar\/sitio\/wp-json\/wp\/v2\/users\/4"}],"replies":[{"embeddable":true,"href":"https:\/\/eldiariodesanpedro.com.ar\/sitio\/wp-json\/wp\/v2\/comments?post=55570"}],"version-history":[{"count":1,"href":"https:\/\/eldiariodesanpedro.com.ar\/sitio\/wp-json\/wp\/v2\/posts\/55570\/revisions"}],"predecessor-version":[{"id":55572,"href":"https:\/\/eldiariodesanpedro.com.ar\/sitio\/wp-json\/wp\/v2\/posts\/55570\/revisions\/55572"}],"wp:featuredmedia":[{"embeddable":true,"href":"https:\/\/eldiariodesanpedro.com.ar\/sitio\/wp-json\/wp\/v2\/media\/55571"}],"wp:attachment":[{"href":"https:\/\/eldiariodesanpedro.com.ar\/sitio\/wp-json\/wp\/v2\/media?parent=55570"}],"wp:term":[{"taxonomy":"category","embeddable":true,"href":"https:\/\/eldiariodesanpedro.com.ar\/sitio\/wp-json\/wp\/v2\/categories?post=55570"},{"taxonomy":"post_tag","embeddable":true,"href":"https:\/\/eldiariodesanpedro.com.ar\/sitio\/wp-json\/wp\/v2\/tags?post=55570"}],"curies":[{"name":"wp","href":"https:\/\/api.w.org\/{rel}","templated":true}]}}