{"id":55569,"date":"2019-07-03T11:50:12","date_gmt":"2019-07-03T14:50:12","guid":{"rendered":"https:\/\/eldiariodesanpedro.com.ar\/sitio\/?p=55569"},"modified":"2019-07-03T11:50:17","modified_gmt":"2019-07-03T14:50:17","slug":"hubo-varias-denuncias-por-dano-y-amenazas-de-muerte","status":"publish","type":"post","link":"https:\/\/eldiariodesanpedro.com.ar\/sitio\/hubo-varias-denuncias-por-dano-y-amenazas-de-muerte\/","title":{"rendered":"Hubo varias denuncias por da\u00f1o y amenazas de muerte"},"content":{"rendered":"<!-- VideographyWP Plugin Message: Automatic video embedding prevented by plugin options. -->\n\n<p>Los hechos fueron radicados en la comisar\u00eda local durante este martes y madrugada de mi\u00e9rcoles,  amenazas por conflictos de larga data, cuestiones de tr\u00e1mites no bien administrados, da\u00f1os en una vivienda por intento de robo, son algunos de los casos registrados en el parte policial.<\/p>\n\n\n\n<p>Primeramente un ciudadano de 79 a\u00f1os de edad, cuenta encontrarse en su domicilio de Salta al 1600 junto a su camioneta estacionado en la v\u00eda p\u00fablica, cuando es sorprendido por dos sujetos y una mujer, a quienes reconoce y comienzan a proferir amenazas de muerte a viva voz,  arrojando tambi\u00e9n piedras a su vehiculo y a su vivienda.<\/p>\n\n\n\n<p>Luego una ciudadana de 55, cuenta encontrarse en su domicilio de calle 24 de Febrero al 200 donde es amenazada por una mujer a quien reconoce, por estar disconforme por una transacci\u00f3n vehicular a la cual no conf\u00eda. <\/p>\n\n\n\n<p>Por \u00faltimo, un ciudadano de 49, cuenta que al llegar a su domicilio de calle Molina al 400 constata que delincuentes ignorados violentaron aberturas sin poder ingresar a la misma.<\/p>\n\n\n\n<p>En todos los casos interviene la fiscalia N\u00ba5 del Dr Manso.<\/p>\n\n\n\n<p><br><\/p>\n","protected":false},"excerpt":{"rendered":"<p>Los hechos fueron radicados en la comisar\u00eda local durante este martes y madrugada de mi\u00e9rcoles, amenazas por conflictos de larga data, cuestiones de tr\u00e1mites no bien administrados, da\u00f1os en una vivienda por intento de robo, son algunos de los casos registrados en el parte policial. Primeramente un ciudadano de 79 a\u00f1os de edad, cuenta encontrarse [&hellip;]<\/p>\n","protected":false},"author":4,"featured_media":45293,"comment_status":"open","ping_status":"closed","sticky":false,"template":"","format":"standard","meta":{"om_disable_all_campaigns":false,"_jetpack_memberships_contains_paid_content":false,"footnotes":""},"categories":[2,103],"tags":[],"class_list":["post-55569","post","type-post","status-publish","format-standard","has-post-thumbnail","hentry","category-locales","category-policiales-locales"],"aioseo_notices":[],"gutentor_comment":0,"jetpack_featured_media_url":"https:\/\/eldiariodesanpedro.com.ar\/sitio\/wp-content\/uploads\/2019\/01\/comisaria_4.jpg","jetpack_shortlink":"https:\/\/wp.me\/p6RhLt-esh","jetpack_sharing_enabled":true,"_links":{"self":[{"href":"https:\/\/eldiariodesanpedro.com.ar\/sitio\/wp-json\/wp\/v2\/posts\/55569","targetHints":{"allow":["GET"]}}],"collection":[{"href":"https:\/\/eldiariodesanpedro.com.ar\/sitio\/wp-json\/wp\/v2\/posts"}],"about":[{"href":"https:\/\/eldiariodesanpedro.com.ar\/sitio\/wp-json\/wp\/v2\/types\/post"}],"author":[{"embeddable":true,"href":"https:\/\/eldiariodesanpedro.com.ar\/sitio\/wp-json\/wp\/v2\/users\/4"}],"replies":[{"embeddable":true,"href":"https:\/\/eldiariodesanpedro.com.ar\/sitio\/wp-json\/wp\/v2\/comments?post=55569"}],"version-history":[{"count":1,"href":"https:\/\/eldiariodesanpedro.com.ar\/sitio\/wp-json\/wp\/v2\/posts\/55569\/revisions"}],"predecessor-version":[{"id":55574,"href":"https:\/\/eldiariodesanpedro.com.ar\/sitio\/wp-json\/wp\/v2\/posts\/55569\/revisions\/55574"}],"wp:featuredmedia":[{"embeddable":true,"href":"https:\/\/eldiariodesanpedro.com.ar\/sitio\/wp-json\/wp\/v2\/media\/45293"}],"wp:attachment":[{"href":"https:\/\/eldiariodesanpedro.com.ar\/sitio\/wp-json\/wp\/v2\/media?parent=55569"}],"wp:term":[{"taxonomy":"category","embeddable":true,"href":"https:\/\/eldiariodesanpedro.com.ar\/sitio\/wp-json\/wp\/v2\/categories?post=55569"},{"taxonomy":"post_tag","embeddable":true,"href":"https:\/\/eldiariodesanpedro.com.ar\/sitio\/wp-json\/wp\/v2\/tags?post=55569"}],"curies":[{"name":"wp","href":"https:\/\/api.w.org\/{rel}","templated":true}]}}