{"id":55561,"date":"2019-07-03T11:34:54","date_gmt":"2019-07-03T14:34:54","guid":{"rendered":"https:\/\/eldiariodesanpedro.com.ar\/sitio\/?p=55561"},"modified":"2019-07-03T11:35:01","modified_gmt":"2019-07-03T14:35:01","slug":"motochorros-le-robaron-la-bici-a-un-nino-de-11-anos","status":"publish","type":"post","link":"https:\/\/eldiariodesanpedro.com.ar\/sitio\/motochorros-le-robaron-la-bici-a-un-nino-de-11-anos\/","title":{"rendered":"Motochorros le robaron la bici a un ni\u00f1o de 11 a\u00f1os"},"content":{"rendered":"<!-- VideographyWP Plugin Message: Automatic video embedding prevented by plugin options. -->\n\n<p>El menor circulaba solo a bordo de su bicicleta, cuando fue interceptado por dos delincuentes en moto, quienes tras intimidaci\u00f3n verbal le sustraen el rodado.<\/p>\n\n\n\n<p>Sucedi\u00f3 por la noche del martes, en intersecci\u00f3n de las calles Noseda y Benito Urraco,  los malvivientes lo sorprenden arrebatandole la bici y emprendiendo a la fuga.<\/p>\n\n\n\n<p>El progenitor del menor de 11 radic\u00f3 la denuncia en la dependencia local. Se investiga el hecho con intervenci\u00f3n de la fiscalia lo\u00e7al. <br><\/p>\n","protected":false},"excerpt":{"rendered":"<p>El menor circulaba solo a bordo de su bicicleta, cuando fue interceptado por dos delincuentes en moto, quienes tras intimidaci\u00f3n verbal le sustraen el rodado. Sucedi\u00f3 por la noche del martes, en intersecci\u00f3n de las calles Noseda y Benito Urraco, los malvivientes lo sorprenden arrebatandole la bici y emprendiendo a la fuga. El progenitor del [&hellip;]<\/p>\n","protected":false},"author":4,"featured_media":55567,"comment_status":"open","ping_status":"closed","sticky":false,"template":"","format":"standard","meta":{"om_disable_all_campaigns":false,"_jetpack_memberships_contains_paid_content":false,"footnotes":""},"categories":[2,103],"tags":[],"class_list":["post-55561","post","type-post","status-publish","format-standard","has-post-thumbnail","hentry","category-locales","category-policiales-locales"],"aioseo_notices":[],"gutentor_comment":0,"jetpack_featured_media_url":"https:\/\/eldiariodesanpedro.com.ar\/sitio\/wp-content\/uploads\/2019\/07\/0002667570.jpg","jetpack_shortlink":"https:\/\/wp.me\/p6RhLt-es9","jetpack_sharing_enabled":true,"_links":{"self":[{"href":"https:\/\/eldiariodesanpedro.com.ar\/sitio\/wp-json\/wp\/v2\/posts\/55561","targetHints":{"allow":["GET"]}}],"collection":[{"href":"https:\/\/eldiariodesanpedro.com.ar\/sitio\/wp-json\/wp\/v2\/posts"}],"about":[{"href":"https:\/\/eldiariodesanpedro.com.ar\/sitio\/wp-json\/wp\/v2\/types\/post"}],"author":[{"embeddable":true,"href":"https:\/\/eldiariodesanpedro.com.ar\/sitio\/wp-json\/wp\/v2\/users\/4"}],"replies":[{"embeddable":true,"href":"https:\/\/eldiariodesanpedro.com.ar\/sitio\/wp-json\/wp\/v2\/comments?post=55561"}],"version-history":[{"count":1,"href":"https:\/\/eldiariodesanpedro.com.ar\/sitio\/wp-json\/wp\/v2\/posts\/55561\/revisions"}],"predecessor-version":[{"id":55568,"href":"https:\/\/eldiariodesanpedro.com.ar\/sitio\/wp-json\/wp\/v2\/posts\/55561\/revisions\/55568"}],"wp:featuredmedia":[{"embeddable":true,"href":"https:\/\/eldiariodesanpedro.com.ar\/sitio\/wp-json\/wp\/v2\/media\/55567"}],"wp:attachment":[{"href":"https:\/\/eldiariodesanpedro.com.ar\/sitio\/wp-json\/wp\/v2\/media?parent=55561"}],"wp:term":[{"taxonomy":"category","embeddable":true,"href":"https:\/\/eldiariodesanpedro.com.ar\/sitio\/wp-json\/wp\/v2\/categories?post=55561"},{"taxonomy":"post_tag","embeddable":true,"href":"https:\/\/eldiariodesanpedro.com.ar\/sitio\/wp-json\/wp\/v2\/tags?post=55561"}],"curies":[{"name":"wp","href":"https:\/\/api.w.org\/{rel}","templated":true}]}}