{"id":5556,"date":"2016-06-17T19:14:43","date_gmt":"2016-06-17T22:14:43","guid":{"rendered":"https:\/\/eldiariodesanpedro.com.ar\/sitio\/?p=5556"},"modified":"2016-06-17T19:14:43","modified_gmt":"2016-06-17T22:14:43","slug":"ansiedad","status":"publish","type":"post","link":"https:\/\/eldiariodesanpedro.com.ar\/sitio\/ansiedad\/","title":{"rendered":"Ansiedad"},"content":{"rendered":"<p><!-- VideographyWP Plugin Message: Automatic video embedding prevented by plugin options. --><\/p>\n<h4>A continuaci\u00f3n transcribimos la columna de opini\u00f3n del sampedrino Alejandro Juan Bennazar, presidente de la C\u00e1mara Inmobiliaria Argentina (CIA), publicada en el diario nacional \u00c1mbito Financiero.<\/h4>\n<p>La situaci\u00f3n econ\u00f3mica en general y la inflaci\u00f3n en particular y la situaci\u00f3n del empleo aparecen \u2013junto a otras\u2013 entre las principales preocupaciones de la gente. El respaldo con que cuenta el Gobierno tiene un fuerte tono condicional; hay apoyo, pero con intensa expectativa. Hay ansiedad por los resultados que no llegan.<br \/>\nHay consenso en que muchas de las medidas adoptadas eran necesarias, pero no por ello su impacto es menor; las marchas y contramarchas denotan que las consecuencias no eran las previstas y que es necesario barajar y dar de nuevo. Pero la inercia inflacionaria es intensa. La recuperaci\u00f3n de la econom\u00eda y su solidez requieren una labor sostenida para controlar precios.<br \/>\nEl Gobierno abri\u00f3 el juego a una gran posibilidad de blanquear fondos no declarados ante el fisco. La medida es importante para canalizar fondos no regulares en una econom\u00eda sedienta. La propuesta del blanqueo contempla distintos grados de penalidad. El hecho de que la tasa de blanqueo sea cero exclusivamente para aquellas inversiones en t\u00edtulos p\u00fablicos denota que al Gobierno solo le interesan los fondos frescos y no fortalecer la actividad inmobiliaria.<br \/>\nEn cuanto a la din\u00e1mica, la cantidad de operaciones de compraventa relevadas por el Colegio de Escribanos de Buenos Aires muestran una mejora en marzo de 2016 al a\u00f1o anterior, ubic\u00e1ndose un 14,5% por encima. Pero por debajo de 2014 y 2013, y muy lejos de los a\u00f1os previos al cepo. Los precios mantienen una din\u00e1mica similar desde la salida del cepo; es decir, cierta estabilidad. Los valores y las ofertas que aparecen en el mercado denotan que es el momento especial donde se pueden ver oportunidades \u00fanicas de buenos negocios. El Gobierno anuncia que el segundo semestre ser\u00e1 el per\u00edodo en el que se ver\u00e1n los resultados de estos cambios; quedan menos de 15 d\u00edas para que se inicie este per\u00edodo. Ese proceso se demorar\u00e1 y las herramientas, como los Cr\u00e9ditos UVI, a\u00fan deben ser aceptados por el p\u00fablico. Estamos esperanzados en que los buenos tiempos est\u00e1n por llegar. Por ello planteamos cambios en la propuesta de blanqueo; hemos requerido al Gobierno que los agentes inmobiliarios sean part\u00edcipes del cambio, lanzando herramientas que deber\u00edan redundar en mejoras para el sector.<\/p>\n","protected":false},"excerpt":{"rendered":"<p>A continuaci\u00f3n transcribimos la columna de opini\u00f3n del sampedrino Alejandro Juan Bennazar, presidente de la C\u00e1mara Inmobiliaria Argentina (CIA), publicada en el diario nacional \u00c1mbito Financiero. La situaci\u00f3n econ\u00f3mica en general y la inflaci\u00f3n en particular y la situaci\u00f3n del empleo aparecen \u2013junto a otras\u2013 entre las principales preocupaciones de la gente. El respaldo con [&hellip;]<\/p>\n","protected":false},"author":4,"featured_media":5557,"comment_status":"open","ping_status":"closed","sticky":false,"template":"","format":"standard","meta":{"om_disable_all_campaigns":false,"_jetpack_memberships_contains_paid_content":false,"footnotes":""},"categories":[50,101,2],"tags":[],"class_list":["post-5556","post","type-post","status-publish","format-standard","has-post-thumbnail","hentry","category-destacadas","category-interes-general-locales","category-locales"],"aioseo_notices":[],"gutentor_comment":0,"jetpack_featured_media_url":"https:\/\/eldiariodesanpedro.com.ar\/sitio\/wp-content\/uploads\/2016\/06\/PAGINA-5-8.jpg","jetpack_shortlink":"https:\/\/wp.me\/s6RhLt-ansiedad","jetpack_sharing_enabled":true,"_links":{"self":[{"href":"https:\/\/eldiariodesanpedro.com.ar\/sitio\/wp-json\/wp\/v2\/posts\/5556","targetHints":{"allow":["GET"]}}],"collection":[{"href":"https:\/\/eldiariodesanpedro.com.ar\/sitio\/wp-json\/wp\/v2\/posts"}],"about":[{"href":"https:\/\/eldiariodesanpedro.com.ar\/sitio\/wp-json\/wp\/v2\/types\/post"}],"author":[{"embeddable":true,"href":"https:\/\/eldiariodesanpedro.com.ar\/sitio\/wp-json\/wp\/v2\/users\/4"}],"replies":[{"embeddable":true,"href":"https:\/\/eldiariodesanpedro.com.ar\/sitio\/wp-json\/wp\/v2\/comments?post=5556"}],"version-history":[{"count":1,"href":"https:\/\/eldiariodesanpedro.com.ar\/sitio\/wp-json\/wp\/v2\/posts\/5556\/revisions"}],"predecessor-version":[{"id":5558,"href":"https:\/\/eldiariodesanpedro.com.ar\/sitio\/wp-json\/wp\/v2\/posts\/5556\/revisions\/5558"}],"wp:featuredmedia":[{"embeddable":true,"href":"https:\/\/eldiariodesanpedro.com.ar\/sitio\/wp-json\/wp\/v2\/media\/5557"}],"wp:attachment":[{"href":"https:\/\/eldiariodesanpedro.com.ar\/sitio\/wp-json\/wp\/v2\/media?parent=5556"}],"wp:term":[{"taxonomy":"category","embeddable":true,"href":"https:\/\/eldiariodesanpedro.com.ar\/sitio\/wp-json\/wp\/v2\/categories?post=5556"},{"taxonomy":"post_tag","embeddable":true,"href":"https:\/\/eldiariodesanpedro.com.ar\/sitio\/wp-json\/wp\/v2\/tags?post=5556"}],"curies":[{"name":"wp","href":"https:\/\/api.w.org\/{rel}","templated":true}]}}