{"id":55557,"date":"2019-07-03T11:26:46","date_gmt":"2019-07-03T14:26:46","guid":{"rendered":"https:\/\/eldiariodesanpedro.com.ar\/sitio\/?p=55557"},"modified":"2019-07-03T11:26:51","modified_gmt":"2019-07-03T14:26:51","slug":"se-secuestro-una-motocicleta-con-prohibicion-de-circular","status":"publish","type":"post","link":"https:\/\/eldiariodesanpedro.com.ar\/sitio\/se-secuestro-una-motocicleta-con-prohibicion-de-circular\/","title":{"rendered":"Se secuestr\u00f3 una motocicleta con prohibici\u00f3n de circular"},"content":{"rendered":"<!-- VideographyWP Plugin Message: Automatic video embedding prevented by plugin options. -->\n\n<p>Sucedi\u00f3 por la tarde noche de este martes, cuando personal policial realizaba operativos de saturaci\u00f3n din\u00e1mico en nuestra ciudad, en conjunto con personal de destacamento de Rio Tala, procedieron al secuestro de una motocicleta Mondial Dax con impedimento circular.<\/p>\n\n\n\n<p>El rodado era conducido por un masculino de 44 a\u00f1os de edad, quien a su identificaci\u00f3n y cursar los datos del vehiculo en el sistema informatico policial consta con pedido de impedimento circular con fecha del 16 de febrero de 2012, dando intervenci\u00f3n a Inspecci\u00f3n Municipal quien labro actuaciones.<\/p>\n\n\n\n<p>El conductor fue notificado por infracci\u00f3n a la ley 24.449 y secuestrada la motocicleta.<\/p>\n\n\n\n<p><br><\/p>\n","protected":false},"excerpt":{"rendered":"<p>Sucedi\u00f3 por la tarde noche de este martes, cuando personal policial realizaba operativos de saturaci\u00f3n din\u00e1mico en nuestra ciudad, en conjunto con personal de destacamento de Rio Tala, procedieron al secuestro de una motocicleta Mondial Dax con impedimento circular. El rodado era conducido por un masculino de 44 a\u00f1os de edad, quien a su identificaci\u00f3n [&hellip;]<\/p>\n","protected":false},"author":4,"featured_media":55559,"comment_status":"open","ping_status":"closed","sticky":false,"template":"","format":"standard","meta":{"om_disable_all_campaigns":false,"_jetpack_memberships_contains_paid_content":false,"footnotes":""},"categories":[2,103],"tags":[],"class_list":["post-55557","post","type-post","status-publish","format-standard","has-post-thumbnail","hentry","category-locales","category-policiales-locales"],"aioseo_notices":[],"gutentor_comment":0,"jetpack_featured_media_url":"https:\/\/eldiariodesanpedro.com.ar\/sitio\/wp-content\/uploads\/2019\/07\/WhatsApp-Image-2019-07-03-at-10.48.14-AM.jpeg","jetpack_shortlink":"https:\/\/wp.me\/p6RhLt-es5","jetpack_sharing_enabled":true,"_links":{"self":[{"href":"https:\/\/eldiariodesanpedro.com.ar\/sitio\/wp-json\/wp\/v2\/posts\/55557","targetHints":{"allow":["GET"]}}],"collection":[{"href":"https:\/\/eldiariodesanpedro.com.ar\/sitio\/wp-json\/wp\/v2\/posts"}],"about":[{"href":"https:\/\/eldiariodesanpedro.com.ar\/sitio\/wp-json\/wp\/v2\/types\/post"}],"author":[{"embeddable":true,"href":"https:\/\/eldiariodesanpedro.com.ar\/sitio\/wp-json\/wp\/v2\/users\/4"}],"replies":[{"embeddable":true,"href":"https:\/\/eldiariodesanpedro.com.ar\/sitio\/wp-json\/wp\/v2\/comments?post=55557"}],"version-history":[{"count":1,"href":"https:\/\/eldiariodesanpedro.com.ar\/sitio\/wp-json\/wp\/v2\/posts\/55557\/revisions"}],"predecessor-version":[{"id":55560,"href":"https:\/\/eldiariodesanpedro.com.ar\/sitio\/wp-json\/wp\/v2\/posts\/55557\/revisions\/55560"}],"wp:featuredmedia":[{"embeddable":true,"href":"https:\/\/eldiariodesanpedro.com.ar\/sitio\/wp-json\/wp\/v2\/media\/55559"}],"wp:attachment":[{"href":"https:\/\/eldiariodesanpedro.com.ar\/sitio\/wp-json\/wp\/v2\/media?parent=55557"}],"wp:term":[{"taxonomy":"category","embeddable":true,"href":"https:\/\/eldiariodesanpedro.com.ar\/sitio\/wp-json\/wp\/v2\/categories?post=55557"},{"taxonomy":"post_tag","embeddable":true,"href":"https:\/\/eldiariodesanpedro.com.ar\/sitio\/wp-json\/wp\/v2\/tags?post=55557"}],"curies":[{"name":"wp","href":"https:\/\/api.w.org\/{rel}","templated":true}]}}