{"id":55543,"date":"2019-07-03T10:53:40","date_gmt":"2019-07-03T13:53:40","guid":{"rendered":"https:\/\/eldiariodesanpedro.com.ar\/sitio\/?p=55543"},"modified":"2019-07-03T10:53:44","modified_gmt":"2019-07-03T13:53:44","slug":"una-mujer-aprehendida-por-captura-activa","status":"publish","type":"post","link":"https:\/\/eldiariodesanpedro.com.ar\/sitio\/una-mujer-aprehendida-por-captura-activa\/","title":{"rendered":"Una mujer aprehendida por captura activa"},"content":{"rendered":"<!-- VideographyWP Plugin Message: Automatic video embedding prevented by plugin options. -->\n\n<p>Sucedi\u00f3 en horas del mediod\u00eda de este martes, cuando personal policial realizaba operativos de saturaci\u00f3n din\u00e1mico en nuestra ciudad,  resultando aprehendida una ciudadana de 33 a\u00f1os de edad,  con pedido de captura activa.<\/p>\n\n\n\n<p>La mujer se encontraba en inmediaciones de calle Salta cuando es identificada por los efectivos y al cursar los datos por el sistema inform\u00e1tico policial,  resulta con pedido  de captura activa por un hecho  de robo en San Pedro, desde hace tiempo atr\u00e1s, a requerimiento\u00a0de la Justicia Juvenil de San Nicol\u00e1s. <\/p>\n\n\n\n<p><br><\/p>\n","protected":false},"excerpt":{"rendered":"<p>Sucedi\u00f3 en horas del mediod\u00eda de este martes, cuando personal policial realizaba operativos de saturaci\u00f3n din\u00e1mico en nuestra ciudad, resultando aprehendida una ciudadana de 33 a\u00f1os de edad, con pedido de captura activa. La mujer se encontraba en inmediaciones de calle Salta cuando es identificada por los efectivos y al cursar los datos por el [&hellip;]<\/p>\n","protected":false},"author":4,"featured_media":55545,"comment_status":"open","ping_status":"closed","sticky":false,"template":"","format":"standard","meta":{"om_disable_all_campaigns":false,"_jetpack_memberships_contains_paid_content":false,"footnotes":""},"categories":[2,103],"tags":[],"class_list":["post-55543","post","type-post","status-publish","format-standard","has-post-thumbnail","hentry","category-locales","category-policiales-locales"],"aioseo_notices":[],"gutentor_comment":0,"jetpack_featured_media_url":"https:\/\/eldiariodesanpedro.com.ar\/sitio\/wp-content\/uploads\/2019\/07\/WhatsApp-Image-2019-07-03-at-10.50.03-AM.jpeg","jetpack_shortlink":"https:\/\/wp.me\/p6RhLt-erR","jetpack_sharing_enabled":true,"_links":{"self":[{"href":"https:\/\/eldiariodesanpedro.com.ar\/sitio\/wp-json\/wp\/v2\/posts\/55543","targetHints":{"allow":["GET"]}}],"collection":[{"href":"https:\/\/eldiariodesanpedro.com.ar\/sitio\/wp-json\/wp\/v2\/posts"}],"about":[{"href":"https:\/\/eldiariodesanpedro.com.ar\/sitio\/wp-json\/wp\/v2\/types\/post"}],"author":[{"embeddable":true,"href":"https:\/\/eldiariodesanpedro.com.ar\/sitio\/wp-json\/wp\/v2\/users\/4"}],"replies":[{"embeddable":true,"href":"https:\/\/eldiariodesanpedro.com.ar\/sitio\/wp-json\/wp\/v2\/comments?post=55543"}],"version-history":[{"count":1,"href":"https:\/\/eldiariodesanpedro.com.ar\/sitio\/wp-json\/wp\/v2\/posts\/55543\/revisions"}],"predecessor-version":[{"id":55546,"href":"https:\/\/eldiariodesanpedro.com.ar\/sitio\/wp-json\/wp\/v2\/posts\/55543\/revisions\/55546"}],"wp:featuredmedia":[{"embeddable":true,"href":"https:\/\/eldiariodesanpedro.com.ar\/sitio\/wp-json\/wp\/v2\/media\/55545"}],"wp:attachment":[{"href":"https:\/\/eldiariodesanpedro.com.ar\/sitio\/wp-json\/wp\/v2\/media?parent=55543"}],"wp:term":[{"taxonomy":"category","embeddable":true,"href":"https:\/\/eldiariodesanpedro.com.ar\/sitio\/wp-json\/wp\/v2\/categories?post=55543"},{"taxonomy":"post_tag","embeddable":true,"href":"https:\/\/eldiariodesanpedro.com.ar\/sitio\/wp-json\/wp\/v2\/tags?post=55543"}],"curies":[{"name":"wp","href":"https:\/\/api.w.org\/{rel}","templated":true}]}}