{"id":55539,"date":"2019-07-03T10:39:10","date_gmt":"2019-07-03T13:39:10","guid":{"rendered":"https:\/\/eldiariodesanpedro.com.ar\/sitio\/?p=55539"},"modified":"2019-07-03T10:39:14","modified_gmt":"2019-07-03T13:39:14","slug":"un-aprehendido-por-circular-en-una-moto-robada","status":"publish","type":"post","link":"https:\/\/eldiariodesanpedro.com.ar\/sitio\/un-aprehendido-por-circular-en-una-moto-robada\/","title":{"rendered":"Un aprehendido por circular en una moto robada"},"content":{"rendered":"<!-- VideographyWP Plugin Message: Automatic video embedding prevented by plugin options. -->\n\n<p>En el marco de operativo din\u00e1mico, personal de Jefatura Departamental de San Nicolas GAD procedi\u00f3 a la aprehensi\u00f3n de un sujeto quien circulaba en una motocicleta marca Honda Tit\u00e1n 150 cc,  con pedido de secuestro activo.<\/p>\n\n\n\n<p>Sucedi\u00f3 por la tarde noche de este martes, en calle Alvear al 700,  el aprehendido circulaba en el rodado siendo identificado y cursado los datos por el sistema informatico policial, el vehiculo p\u00f2seia pedido de secuestro activo, desde el a\u00f1o 2011 a requerimiento de la fiscalia local por un delito de hurto.<\/p>\n\n\n\n<p>El joven de 26 a\u00f1os de edad es alojado en la dependencia local y notificado por el delito de encubrimiento. <br><\/p>\n","protected":false},"excerpt":{"rendered":"<p>En el marco de operativo din\u00e1mico, personal de Jefatura Departamental de San Nicolas GAD procedi\u00f3 a la aprehensi\u00f3n de un sujeto quien circulaba en una motocicleta marca Honda Tit\u00e1n 150 cc, con pedido de secuestro activo. Sucedi\u00f3 por la tarde noche de este martes, en calle Alvear al 700, el aprehendido circulaba en el rodado [&hellip;]<\/p>\n","protected":false},"author":4,"featured_media":55540,"comment_status":"open","ping_status":"closed","sticky":false,"template":"","format":"standard","meta":{"om_disable_all_campaigns":false,"_jetpack_memberships_contains_paid_content":false,"footnotes":""},"categories":[2,103],"tags":[],"class_list":["post-55539","post","type-post","status-publish","format-standard","has-post-thumbnail","hentry","category-locales","category-policiales-locales"],"aioseo_notices":[],"gutentor_comment":0,"jetpack_featured_media_url":"https:\/\/eldiariodesanpedro.com.ar\/sitio\/wp-content\/uploads\/2019\/07\/WhatsApp-Image-2019-07-02-at-8.16.50-PM.jpeg","jetpack_shortlink":"https:\/\/wp.me\/p6RhLt-erN","jetpack_sharing_enabled":true,"_links":{"self":[{"href":"https:\/\/eldiariodesanpedro.com.ar\/sitio\/wp-json\/wp\/v2\/posts\/55539","targetHints":{"allow":["GET"]}}],"collection":[{"href":"https:\/\/eldiariodesanpedro.com.ar\/sitio\/wp-json\/wp\/v2\/posts"}],"about":[{"href":"https:\/\/eldiariodesanpedro.com.ar\/sitio\/wp-json\/wp\/v2\/types\/post"}],"author":[{"embeddable":true,"href":"https:\/\/eldiariodesanpedro.com.ar\/sitio\/wp-json\/wp\/v2\/users\/4"}],"replies":[{"embeddable":true,"href":"https:\/\/eldiariodesanpedro.com.ar\/sitio\/wp-json\/wp\/v2\/comments?post=55539"}],"version-history":[{"count":1,"href":"https:\/\/eldiariodesanpedro.com.ar\/sitio\/wp-json\/wp\/v2\/posts\/55539\/revisions"}],"predecessor-version":[{"id":55541,"href":"https:\/\/eldiariodesanpedro.com.ar\/sitio\/wp-json\/wp\/v2\/posts\/55539\/revisions\/55541"}],"wp:featuredmedia":[{"embeddable":true,"href":"https:\/\/eldiariodesanpedro.com.ar\/sitio\/wp-json\/wp\/v2\/media\/55540"}],"wp:attachment":[{"href":"https:\/\/eldiariodesanpedro.com.ar\/sitio\/wp-json\/wp\/v2\/media?parent=55539"}],"wp:term":[{"taxonomy":"category","embeddable":true,"href":"https:\/\/eldiariodesanpedro.com.ar\/sitio\/wp-json\/wp\/v2\/categories?post=55539"},{"taxonomy":"post_tag","embeddable":true,"href":"https:\/\/eldiariodesanpedro.com.ar\/sitio\/wp-json\/wp\/v2\/tags?post=55539"}],"curies":[{"name":"wp","href":"https:\/\/api.w.org\/{rel}","templated":true}]}}