{"id":55536,"date":"2019-07-03T09:31:06","date_gmt":"2019-07-03T12:31:06","guid":{"rendered":"https:\/\/eldiariodesanpedro.com.ar\/sitio\/?p=55536"},"modified":"2019-07-03T09:31:11","modified_gmt":"2019-07-03T12:31:11","slug":"angel-burgos-hay-un-importante-secuestro-de-vehiculos","status":"publish","type":"post","link":"https:\/\/eldiariodesanpedro.com.ar\/sitio\/angel-burgos-hay-un-importante-secuestro-de-vehiculos\/","title":{"rendered":"Angel Burgos: \u00abHay un importante secuestro de vehiculos\u00bb"},"content":{"rendered":"<!-- VideographyWP Plugin Message: Automatic video embedding prevented by plugin options. -->\n\n<p>El Director de Tr\u00e1nsito de Nocturnidad intensific\u00f3 el control en las calles desde que volvi\u00f3 a cumplir su funci\u00f3n luego de ausentarse un tiempo por una operaci\u00f3n tras ser atropellado por un operativo. Las estad\u00edsticas son muy altas.<\/p>\n\n\n\n<p>\u00ab17 camiones areneros fueron secuestrados\u00bb, expresaba el Director a un medio radial quien brind\u00f3 detalles de como se encuentran trabajando desde su regreso, \u00abla mayor\u00eda de los vehiculos no tienen documentaci\u00f3n, en los camiones encontramos inconvenientes de todo \u00edndole, algunos camiones  se les ven la c\u00e1mara de las cubiertas y los conductores te contestan que desde la empresa no tienen para arreglarlos y los mandan a trabajar as\u00ed\u00bb<\/p>\n\n\n\n<p>\u00abEn la balanza se hace un gran trabajo de control, los inspectores no solo piden la documentaci\u00f3n sino que tambi\u00e9n controlan que el vehiculo este en condiciones, nosotros secuestramos y despu\u00e9s el Juzgado de Faltas se encarga de intervenir en la infracci\u00f3n y de controlar que por ejemplo compren cubiertas nuevas y puedan seguir circulando\u00bb<\/p>\n\n\n\n<p>\u00abDesde mi reintegro hay un n\u00famero importante de secuestro pero me falta personal en la calle, tengo 15 inspectores menos, algunos fueron trasladados y otros se fueron voluntariamente, este trabajo tiene una gran exposici\u00f3n en la calle que no siempre se tolera\u00bb<\/p>\n\n\n\n<p>\u00abEste fin de semana se secuestraron 5 vehiculos de mayor porte,  y la mayor\u00eda intent\u00f3 esquivar los controles saliendo por caminos alternativos o evitando la balanza de pesaje, es una verg\u00fcenza\u00bb<\/p>\n\n\n\n<p>Tambi\u00e9n el Director se refiri\u00f3 a la problem\u00e1tica que existe en la entrada y salida de las escuelas como una situaci\u00f3n preocupante y ca\u00f3tica, \u00aben un tiempo atr\u00e1s los pap\u00e1s colaboran y se turnaban para cortar el tr\u00e1nsito, luego las maestras pero no se pudo, la realidad es que no hay personal para todas las escuelas, quiero reunirme estos d\u00edas con gente del ejecutivo para plantearle varias situaciones como estas para un nuevo reordenamiento en la ciudad\u00bb, culmino.<\/p>\n\n\n\n<p>Desde su reintegro hay una estad\u00edstica alta de secuestros, mas de cuarenta vehiculos retenidos sumado a los 17 camiones areneros esta \u00faltima semana.<br><\/p>\n\n\n\n<p><br><\/p>\n","protected":false},"excerpt":{"rendered":"<p>El Director de Tr\u00e1nsito de Nocturnidad intensific\u00f3 el control en las calles desde que volvi\u00f3 a cumplir su funci\u00f3n luego de ausentarse un tiempo por una operaci\u00f3n tras ser atropellado por un operativo. Las estad\u00edsticas son muy altas. \u00ab17 camiones areneros fueron secuestrados\u00bb, expresaba el Director a un medio radial quien brind\u00f3 detalles de como [&hellip;]<\/p>\n","protected":false},"author":4,"featured_media":55537,"comment_status":"open","ping_status":"closed","sticky":false,"template":"","format":"standard","meta":{"om_disable_all_campaigns":false,"_jetpack_memberships_contains_paid_content":false,"footnotes":""},"categories":[50,101,2],"tags":[],"class_list":["post-55536","post","type-post","status-publish","format-standard","has-post-thumbnail","hentry","category-destacadas","category-interes-general-locales","category-locales"],"aioseo_notices":[],"gutentor_comment":0,"jetpack_featured_media_url":"https:\/\/eldiariodesanpedro.com.ar\/sitio\/wp-content\/uploads\/2019\/07\/burgos.jpg","jetpack_shortlink":"https:\/\/wp.me\/p6RhLt-erK","jetpack_sharing_enabled":true,"_links":{"self":[{"href":"https:\/\/eldiariodesanpedro.com.ar\/sitio\/wp-json\/wp\/v2\/posts\/55536","targetHints":{"allow":["GET"]}}],"collection":[{"href":"https:\/\/eldiariodesanpedro.com.ar\/sitio\/wp-json\/wp\/v2\/posts"}],"about":[{"href":"https:\/\/eldiariodesanpedro.com.ar\/sitio\/wp-json\/wp\/v2\/types\/post"}],"author":[{"embeddable":true,"href":"https:\/\/eldiariodesanpedro.com.ar\/sitio\/wp-json\/wp\/v2\/users\/4"}],"replies":[{"embeddable":true,"href":"https:\/\/eldiariodesanpedro.com.ar\/sitio\/wp-json\/wp\/v2\/comments?post=55536"}],"version-history":[{"count":1,"href":"https:\/\/eldiariodesanpedro.com.ar\/sitio\/wp-json\/wp\/v2\/posts\/55536\/revisions"}],"predecessor-version":[{"id":55538,"href":"https:\/\/eldiariodesanpedro.com.ar\/sitio\/wp-json\/wp\/v2\/posts\/55536\/revisions\/55538"}],"wp:featuredmedia":[{"embeddable":true,"href":"https:\/\/eldiariodesanpedro.com.ar\/sitio\/wp-json\/wp\/v2\/media\/55537"}],"wp:attachment":[{"href":"https:\/\/eldiariodesanpedro.com.ar\/sitio\/wp-json\/wp\/v2\/media?parent=55536"}],"wp:term":[{"taxonomy":"category","embeddable":true,"href":"https:\/\/eldiariodesanpedro.com.ar\/sitio\/wp-json\/wp\/v2\/categories?post=55536"},{"taxonomy":"post_tag","embeddable":true,"href":"https:\/\/eldiariodesanpedro.com.ar\/sitio\/wp-json\/wp\/v2\/tags?post=55536"}],"curies":[{"name":"wp","href":"https:\/\/api.w.org\/{rel}","templated":true}]}}