{"id":55530,"date":"2019-07-02T19:10:28","date_gmt":"2019-07-02T22:10:28","guid":{"rendered":"https:\/\/eldiariodesanpedro.com.ar\/sitio\/?p=55530"},"modified":"2019-07-02T19:10:33","modified_gmt":"2019-07-02T22:10:33","slug":"caso-abuso-sexual-mi-hija-ya-no-es-la-misma-esta-muy-triste","status":"publish","type":"post","link":"https:\/\/eldiariodesanpedro.com.ar\/sitio\/caso-abuso-sexual-mi-hija-ya-no-es-la-misma-esta-muy-triste\/","title":{"rendered":"Caso Abuso Sexual: \u00abMi hija ya no es la misma, est\u00e1 muy triste\u00bb"},"content":{"rendered":"<!-- VideographyWP Plugin Message: Automatic video embedding prevented by plugin options. -->\n\n<p>En la ma\u00f1ana de este martes, se hizo presente a nuestra redacci\u00f3n Paola, mama de una nena de 6 a\u00f1os quien fue abusada por su propio padre, seg\u00fan consta en la denuncia penal y peritos psicol\u00f3gicos de la menor.<\/p>\n\n\n\n<p>Paola, llega desde la ciudad de Mor\u00f3n buscando ayuda, primero una respuesta desde la  Fiscalia de nuestra ciudad y luego, con toda su valent\u00eda, buscando el apoyo de toda una sociedad para que se viralice su caso y pueda conseguir una pronta respuesta de la justicia.<\/p>\n\n\n\n<p>Al llegar a las oficinas del Diario de San Pedro pudimos entrevistarla y con todo su dolor nos cont\u00f3 detalles de todo lo sucedido con su hija:<\/p>\n\n\n\n<p>\u00abYo ya en el a\u00f1o 2017 vengo bancando situaciones fuertes con este sujeto, siempre agresivo y aveces tomado, tuve una relaci\u00f3n con el de 11 a\u00f1os, el cual es un hombre ademas poderoso, poderoso porque se ve que la justicia tampoco lo puede dominar, hoy estoy ac\u00e1 contando que mi hija sufri\u00f3 abuso sexual por su propio padre, y \u00e9l anda suelto caminando por la calle como si nada, mi hija ya fue peritada psicologicamente, por forense y el 11 de junio de este a\u00f1o ya tuvo su primer c\u00e1mara gesell, que todav\u00eda no fue transcribido para el fiscal\u00bb<\/p>\n\n\n\n<p>\u00abElla es muy dulce y sus cambios fueron bruscos, estaba agresiva y triste, pero obedec\u00eda a su pap\u00e1, conmigo no quer\u00eda estar mucho y cuando quise en ese momento, estoy hablando en 2017 llevarla a un profesional, el se enojo mucho\u00bb<\/p>\n\n\n\n<p>\u00abEn el 2018 ya nuestra relacion empeoro mucho mas y me echaba de mi casa, me refregaba el contrato en la cara y me dec\u00eda que me valla, miles de insultos, el hacia lo que quer\u00eda y m\u00e1s de noche, pero ni siquiera me dejaba dormir con mi hija\u00bb<\/p>\n\n\n\n<p>\u00abEL 29 de abril de 2018 mi hija me relata cuando nos sentamos a merendar, \u00abmam\u00e1 porque mi pap\u00e1 me hace cosas raras, porque le hace esas cosas a su bebita\u00bb, en ese momento decido irme a la casa de mi vieja, no sabia qu\u00e9 hacer, si ven\u00eda \u00e9l quiz\u00e1s lo mataba, mi hija agarro sus cosas con 5 a\u00f1os del placard y me dec\u00eda vamos con la abuela y la perrita\u00bb<\/p>\n\n\n\n<p>Paola desde ese momento vive en la ciudad de Mor\u00f3n, Provincia de Buenos Aires junto a su mam\u00e1 y su hija, escapando del horror decidi\u00f3 antes dejar constancia en nuestra dependencia local que abandonaba su hogar y all\u00ed, en la otra ciudad comenz\u00f3 el triste camino de la justicia, denunciando los hechos sufridos de abuso hacia su hija por su propio padre.<\/p>\n\n\n\n<p>Cuando llega la causa a nuestra fiscalia recae en la fiscalia N\u00ba5 del Dr Manso, en diciembre de 2018 el agente fiscal recibe la pericia psicol\u00f3gica solicitada en m\u00e9todo de la investigaci\u00f3n caratulada la causa  como \u00ababuso sexual\u00bb por la perito oficial, Gloria Casazza obteniendo como resultado que la ni\u00f1a quede bajo el amparo y protecci\u00f3n de su madre, quien seg\u00fan la entrevista la ni\u00f1a presentaba indicadores de abuso sexual infantil.<\/p>\n\n\n\n<p>La perito describe: \u00abLa ni\u00f1a acept\u00f3 colaborar con el material administrado con mucho agrado. Pudo mostrar un buen vinculo de confianza y participaci\u00f3n durante la entrevista. La menor de manera espont\u00e1nea cuenta que su pap\u00e1 le tocaba la papona y el cuerpo, adem\u00e1s le mostraba el pito y le hac\u00eda pis en las piernas, sigue narrando que quiere que su pap\u00e1 se muera\u00bb.<\/p>\n\n\n\n<figure class=\"wp-block-image\"><img decoding=\"async\" width=\"768\" height=\"1024\" data-attachment-id=\"55531\" data-permalink=\"https:\/\/eldiariodesanpedro.com.ar\/sitio\/caso-abuso-sexual-mi-hija-ya-no-es-la-misma-esta-muy-triste\/20190702_184205\/\" data-orig-file=\"https:\/\/eldiariodesanpedro.com.ar\/sitio\/wp-content\/uploads\/2019\/07\/20190702_184205.jpg\" data-orig-size=\"1960,2614\" data-comments-opened=\"1\" data-image-meta=\"{&quot;aperture&quot;:&quot;1.7&quot;,&quot;credit&quot;:&quot;&quot;,&quot;camera&quot;:&quot;SM-N950F&quot;,&quot;caption&quot;:&quot;&quot;,&quot;created_timestamp&quot;:&quot;1562092839&quot;,&quot;copyright&quot;:&quot;&quot;,&quot;focal_length&quot;:&quot;4.3&quot;,&quot;iso&quot;:&quot;200&quot;,&quot;shutter_speed&quot;:&quot;0.03030303030303&quot;,&quot;title&quot;:&quot;&quot;,&quot;orientation&quot;:&quot;0&quot;}\" data-image-title=\"20190702_184205\" data-image-description=\"\" data-image-caption=\"\" data-large-file=\"https:\/\/eldiariodesanpedro.com.ar\/sitio\/wp-content\/uploads\/2019\/07\/20190702_184205-768x1024.jpg\" data-src=\"https:\/\/eldiariodesanpedro.com.ar\/sitio\/wp-content\/uploads\/2019\/07\/20190702_184205-768x1024.jpg\" alt=\"\" class=\"wp-image-55531 lazyload\" data-srcset=\"https:\/\/eldiariodesanpedro.com.ar\/sitio\/wp-content\/uploads\/2019\/07\/20190702_184205-768x1024.jpg 768w, https:\/\/eldiariodesanpedro.com.ar\/sitio\/wp-content\/uploads\/2019\/07\/20190702_184205-225x300.jpg 225w, https:\/\/eldiariodesanpedro.com.ar\/sitio\/wp-content\/uploads\/2019\/07\/20190702_184205.jpg 1960w\" data-sizes=\"(max-width: 768px) 100vw, 768px\" src=\"data:image\/svg+xml;base64,PHN2ZyB3aWR0aD0iMSIgaGVpZ2h0PSIxIiB4bWxucz0iaHR0cDovL3d3dy53My5vcmcvMjAwMC9zdmciPjwvc3ZnPg==\" style=\"--smush-placeholder-width: 768px; --smush-placeholder-aspect-ratio: 768\/1024;\" \/><\/figure>\n\n\n\n<p> Paola sigue contando en la entrevista, \u00abpara el abogado de este mostruo mi hija esta manipulada, yo recurro por la justicia publica, nos atendemos por el estado, este se\u00f1or quiso negociar mi silencio, no fue posible ni lo va hacer nunca, lamento mucho que este pasando esto, no estoy preparada para esto\u00bb<\/p>\n\n\n\n<p>\u00abHoy mi hija no es la que siempre tuve, no es la nene que siempre fue, ella me dice porque mi mente estalla de a ratos, hoy esta disfrutando el dia y lo tengo a unas pocas cuadras,  lo podemos cruzar porque el anda tranquilo por la calle, hace un a\u00f1o que no lo ve y tiene terror de verlo\u00bb.<\/p>\n\n\n\n<p> Sin dudas, el abuso sexual es de los delitos tipificados en el c\u00f3digo penal uno de los m\u00e1s aberrantes y repudiables. Ahora se espera el resultado de una c\u00e1mara gesell y la intervenci\u00f3n objetiva de un juez.<\/p>\n","protected":false},"excerpt":{"rendered":"<p>En la ma\u00f1ana de este martes, se hizo presente a nuestra redacci\u00f3n Paola, mama de una nena de 6 a\u00f1os quien fue abusada por su propio padre, seg\u00fan consta en la denuncia penal y peritos psicol\u00f3gicos de la menor. Paola, llega desde la ciudad de Mor\u00f3n buscando ayuda, primero una respuesta desde la Fiscalia de [&hellip;]<\/p>\n","protected":false},"author":4,"featured_media":55532,"comment_status":"open","ping_status":"closed","sticky":false,"template":"","format":"standard","meta":{"om_disable_all_campaigns":false,"_jetpack_memberships_contains_paid_content":false,"footnotes":""},"categories":[50,101,2],"tags":[],"class_list":["post-55530","post","type-post","status-publish","format-standard","has-post-thumbnail","hentry","category-destacadas","category-interes-general-locales","category-locales"],"aioseo_notices":[],"gutentor_comment":0,"jetpack_featured_media_url":"https:\/\/eldiariodesanpedro.com.ar\/sitio\/wp-content\/uploads\/2019\/07\/2019-07-02-4.png","jetpack_shortlink":"https:\/\/wp.me\/p6RhLt-erE","jetpack_sharing_enabled":true,"_links":{"self":[{"href":"https:\/\/eldiariodesanpedro.com.ar\/sitio\/wp-json\/wp\/v2\/posts\/55530","targetHints":{"allow":["GET"]}}],"collection":[{"href":"https:\/\/eldiariodesanpedro.com.ar\/sitio\/wp-json\/wp\/v2\/posts"}],"about":[{"href":"https:\/\/eldiariodesanpedro.com.ar\/sitio\/wp-json\/wp\/v2\/types\/post"}],"author":[{"embeddable":true,"href":"https:\/\/eldiariodesanpedro.com.ar\/sitio\/wp-json\/wp\/v2\/users\/4"}],"replies":[{"embeddable":true,"href":"https:\/\/eldiariodesanpedro.com.ar\/sitio\/wp-json\/wp\/v2\/comments?post=55530"}],"version-history":[{"count":1,"href":"https:\/\/eldiariodesanpedro.com.ar\/sitio\/wp-json\/wp\/v2\/posts\/55530\/revisions"}],"predecessor-version":[{"id":55533,"href":"https:\/\/eldiariodesanpedro.com.ar\/sitio\/wp-json\/wp\/v2\/posts\/55530\/revisions\/55533"}],"wp:featuredmedia":[{"embeddable":true,"href":"https:\/\/eldiariodesanpedro.com.ar\/sitio\/wp-json\/wp\/v2\/media\/55532"}],"wp:attachment":[{"href":"https:\/\/eldiariodesanpedro.com.ar\/sitio\/wp-json\/wp\/v2\/media?parent=55530"}],"wp:term":[{"taxonomy":"category","embeddable":true,"href":"https:\/\/eldiariodesanpedro.com.ar\/sitio\/wp-json\/wp\/v2\/categories?post=55530"},{"taxonomy":"post_tag","embeddable":true,"href":"https:\/\/eldiariodesanpedro.com.ar\/sitio\/wp-json\/wp\/v2\/tags?post=55530"}],"curies":[{"name":"wp","href":"https:\/\/api.w.org\/{rel}","templated":true}]}}