{"id":5553,"date":"2016-06-17T19:12:44","date_gmt":"2016-06-17T22:12:44","guid":{"rendered":"https:\/\/eldiariodesanpedro.com.ar\/sitio\/?p=5553"},"modified":"2016-06-17T19:12:44","modified_gmt":"2016-06-17T22:12:44","slug":"giovanettoni-sucesos-como-los-de-lopez-golpean-duelen-y-mucho-pero-debe-fortalecernos-como-espacio","status":"publish","type":"post","link":"https:\/\/eldiariodesanpedro.com.ar\/sitio\/giovanettoni-sucesos-como-los-de-lopez-golpean-duelen-y-mucho-pero-debe-fortalecernos-como-espacio\/","title":{"rendered":"Giovanettoni: \u201cSucesos como los de L\u00f3pez golpean, duelen y mucho, pero debe fortalecernos como espacio\u201d"},"content":{"rendered":"<p><!-- VideographyWP Plugin Message: Automatic video embedding prevented by plugin options. --><br \/>\nLuego de la detenci\u00f3n de Jos\u00e9 Francisco L\u00f3pez, secretario de Obras P\u00fablicas durante los gobiernos de N\u00e9stor Kirchner y Cristina Fern\u00e1ndez de Kirchner, en General Rodr\u00edguez mientras intentaba enterrar seis bolsones con d\u00f3lares y euros termosellados, el exintendente Fabio Giovanettoni dio su opini\u00f3n a trav\u00e9s de Facebook. Critic\u00f3 fuertemente a L\u00f3pez y pidi\u00f3 que se haga justicia, pero al mismo tiempo defendi\u00f3 la gesti\u00f3n kirchnerista en cuanto a las pol\u00edticas sociales implementadas y critic\u00f3 al gobierno de Mauricio Macri.<br \/>\n\u201cAnoticiado como todo el mundo de lo sucedido con el exsecretario de Obras P\u00fablicas de la Naci\u00f3n, Jos\u00e9 L\u00f3pez, me siento frente a la compu para compartir con ustedes distintas sensaciones: bronca, fastidio, indignaci\u00f3n, repugnancia. En mi condici\u00f3n de peronista, ingres\u00e9 en la actividad pol\u00edtica despu\u00e9s de las elecciones celebradas en el 2011, fui 3 a\u00f1os concejal y un a\u00f1o intendente dentro del espacio FPV. Siempre reivindique a la pol\u00edtica, todos los temas se resuelven con la pol\u00edtica y desde la pol\u00edtica, TENIENDO BIEN CLARO que se debe trabajar en pol\u00edtica para servirle y NO PARA SERVIRSE\u2026\u201d, asegur\u00f3 Giovanettoni.<br \/>\nY luego afirm\u00f3: \u201cEste HDP abus\u00f3 de su cargo para beneficio propio y deber\u00e1 ser juzgado y condenado por la justicia como debe ser, EL QUE ROBO que pague, SEA QUIEN SEA, ocupase el cargo p\u00fablico que ocupase, NADA DE DIFERENCIAS, justicia para todos POR IGUAL sea del partido que sea, para los que estuvieron y para los que est\u00e1n, siempre que se les compruebe delito\u201d.<br \/>\nEn tanto que, en su an\u00e1lisis, paralelamente consider\u00f3: \u201cPor estas horas, en los medios period\u00edsticos masivos no hay otro tema que este, l\u00f3gico por cierto, pero uno empieza a notar que se quiere emparentar este hecho de corrupci\u00f3n con que NADA se hizo en estos a\u00f1os en beneficio de los m\u00e1s necesitados. No se deben confundir las cosas, insisto, los corruptos presos, pero no por eso olvidar la A.U. por hijo que incluy\u00f3 a 8 millones de chicos y chicas, paritarias libres durante 12 a\u00f1os, precios cuidados, inclusi\u00f3n de miles de abuelos y abuelas a un sistema jubilatorio con dos aumentos anuales, 48 leyes nacionales laborales, podr\u00eda enumerar muchas pero muchas acciones m\u00e1s. Que no nos confundan, que no nos hagan creer que todo estuvo mal, claro que hubo errores, seguramente muchos, pero tambi\u00e9n hubo conquistas en la misma medida para los sectores m\u00e1s vulnerables\u201d, defendi\u00f3 as\u00ed la gesti\u00f3n anterior.<br \/>\nEn tanto que tambi\u00e9n se profes\u00f3 en funci\u00f3n de lo que considera ocurre actualmente: \u201cQue no nos hagan creer que por acciones corruptas de exfuncionarios, el actual gobierno liberal le quit\u00f3 las retenciones al campo por 60 mil millones de pesos, que se le quite las retenciones a las mineras por m\u00e1s de 200 millones de d\u00f3lares, que se aumente la luz y el gas a valores exorbitantes, que se negocien paritarias a la baja, que despidan miles de trabajadores estatales con el FALSO argumento de que el estado estaba \u201d minado de gente\u201d y la estad\u00edstica marca que en nuestro pa\u00eds al final del 2015 solo el 8 por ciento de los trabajadores era estatal. Ahora que vienen vientos de cambio y hay que mirar a EEUU e ingresar a la alianza del pac\u00edfico, les cuento que el mismo \u00edndice en ese pa\u00eds marca el 12,5 en Canad\u00e1, el 12 en Inglaterra. Que se quiera justificar la compra de gas a Chile con sobreprecios con el agravante de que ese pa\u00eds no es productor, acci\u00f3n hecha por el mismo ministro que dijo que \u2018si no les alcanza la plata para echar nafta, que no carguen\u2019\u201d.<br \/>\nAl tiempo, el exintendente agreg\u00f3: \u201cHoy nos toca ser oposici\u00f3n, respetando el mandato popular que eligi\u00f3 al actual gobierno, no haciendo OPOSICI\u00d3N POR OPOSICI\u00d3N misma, mal nos ha ido en el pasado actuando as\u00ed, sino con oposici\u00f3n con propuestas que generen el debate necesario de parte de nuestros representantes, ACOMPA\u00d1ANDO lo que por convicci\u00f3n y convencimiento y NO POR CONVENIENCIA corresponda, y marcando fuertemente lo que creemos que no debe acompa\u00f1arse\u201d. Y continu\u00f3: \u201cSucesos como los de L\u00f3pez golpean, duelen y mucho, pero debe fortalecernos como espacio, generar debate, HABLAR OPINAR Y ESCUCHAR, dar lugar a las nuevas generaciones, SIN TIRAR POR LA VENTANA a aquellos que tiene experiencia, \u00e9tica y moral en su accionar pol\u00edtico, desterrar a estas LACRAS de nuestro espacio, hacer la autocr\u00edtica que corresponda, pero fundamentalmente, cambiar corrupci\u00f3n por acci\u00f3n, con participaci\u00f3n. YO LOS VI, NADIE ME LO CONT\u00d3, como cientos de j\u00f3venes de mi ciudad, participaron y participan en el FPV, SIN PEDIR NADA A CAMBIO. Lo hacen por convencimiento, por querer hacer algo por el otro, por pensar un pa\u00eds mejor, m\u00e1s justo\u201d.<br \/>\nPor \u00faltimo, Giovanettoni envi\u00f3 un mensaje a los j\u00f3venes militantes: \u201cA ustedes, chicos, humildemente les digo no bajen los brazos sigan participando, MILITANDO, buscando y exigiendo el lugar que les corresponde, que no los convenzan de que la pol\u00edtica es una mierda o que somos todos iguales, malos ejemplos como el de este miserable. Les debe servir para sacar m\u00e1s fuerzas a\u00fan para defender sus ideales. Aquellos que ya hace a\u00f1os hemos dejado de ser j\u00f3venes y que tuvimos funciones p\u00fablicas, tenemos la misi\u00f3n de generar espacios de debate de reflexi\u00f3n, de propuestas SIEMPRE levantando y sosteniendo las banderas del peronismo, teniendo como objetivo UN SOLO FIN: tener cada d\u00eda un pa\u00eds mejor\u201d.<\/p>\n","protected":false},"excerpt":{"rendered":"<p>Luego de la detenci\u00f3n de Jos\u00e9 Francisco L\u00f3pez, secretario de Obras P\u00fablicas durante los gobiernos de N\u00e9stor Kirchner y Cristina Fern\u00e1ndez de Kirchner, en General Rodr\u00edguez mientras intentaba enterrar seis bolsones con d\u00f3lares y euros termosellados, el exintendente Fabio Giovanettoni dio su opini\u00f3n a trav\u00e9s de Facebook. Critic\u00f3 fuertemente a L\u00f3pez y pidi\u00f3 que se [&hellip;]<\/p>\n","protected":false},"author":4,"featured_media":5554,"comment_status":"open","ping_status":"closed","sticky":false,"template":"","format":"standard","meta":{"om_disable_all_campaigns":false,"_jetpack_memberships_contains_paid_content":false,"footnotes":""},"categories":[50,2,102],"tags":[],"class_list":["post-5553","post","type-post","status-publish","format-standard","has-post-thumbnail","hentry","category-destacadas","category-locales","category-politica-locales"],"aioseo_notices":[],"gutentor_comment":0,"jetpack_featured_media_url":"https:\/\/eldiariodesanpedro.com.ar\/sitio\/wp-content\/uploads\/2016\/06\/PAGINA-4-12.jpg","jetpack_shortlink":"https:\/\/wp.me\/p6RhLt-1rz","jetpack_sharing_enabled":true,"_links":{"self":[{"href":"https:\/\/eldiariodesanpedro.com.ar\/sitio\/wp-json\/wp\/v2\/posts\/5553","targetHints":{"allow":["GET"]}}],"collection":[{"href":"https:\/\/eldiariodesanpedro.com.ar\/sitio\/wp-json\/wp\/v2\/posts"}],"about":[{"href":"https:\/\/eldiariodesanpedro.com.ar\/sitio\/wp-json\/wp\/v2\/types\/post"}],"author":[{"embeddable":true,"href":"https:\/\/eldiariodesanpedro.com.ar\/sitio\/wp-json\/wp\/v2\/users\/4"}],"replies":[{"embeddable":true,"href":"https:\/\/eldiariodesanpedro.com.ar\/sitio\/wp-json\/wp\/v2\/comments?post=5553"}],"version-history":[{"count":1,"href":"https:\/\/eldiariodesanpedro.com.ar\/sitio\/wp-json\/wp\/v2\/posts\/5553\/revisions"}],"predecessor-version":[{"id":5555,"href":"https:\/\/eldiariodesanpedro.com.ar\/sitio\/wp-json\/wp\/v2\/posts\/5553\/revisions\/5555"}],"wp:featuredmedia":[{"embeddable":true,"href":"https:\/\/eldiariodesanpedro.com.ar\/sitio\/wp-json\/wp\/v2\/media\/5554"}],"wp:attachment":[{"href":"https:\/\/eldiariodesanpedro.com.ar\/sitio\/wp-json\/wp\/v2\/media?parent=5553"}],"wp:term":[{"taxonomy":"category","embeddable":true,"href":"https:\/\/eldiariodesanpedro.com.ar\/sitio\/wp-json\/wp\/v2\/categories?post=5553"},{"taxonomy":"post_tag","embeddable":true,"href":"https:\/\/eldiariodesanpedro.com.ar\/sitio\/wp-json\/wp\/v2\/tags?post=5553"}],"curies":[{"name":"wp","href":"https:\/\/api.w.org\/{rel}","templated":true}]}}