{"id":55527,"date":"2019-07-02T17:02:50","date_gmt":"2019-07-02T20:02:50","guid":{"rendered":"https:\/\/eldiariodesanpedro.com.ar\/sitio\/?p=55527"},"modified":"2019-07-02T17:02:54","modified_gmt":"2019-07-02T20:02:54","slug":"zarate-detuvieron-a-el-bosterito-un-joven-delincuente-que-asalto-y-abuso-de-una-anciana","status":"publish","type":"post","link":"https:\/\/eldiariodesanpedro.com.ar\/sitio\/zarate-detuvieron-a-el-bosterito-un-joven-delincuente-que-asalto-y-abuso-de-una-anciana\/","title":{"rendered":"Z\u00c1RATE: Detuvieron a el \u201cBosterito\u201d, un joven delincuente que asalt\u00f3 y abus\u00f3 de una anciana"},"content":{"rendered":"<!-- VideographyWP Plugin Message: Automatic video embedding prevented by plugin options. -->\n\n<p>\n\nUn delincuente de 24 a\u00f1os qued\u00f3 detenido en las \u00faltimas horas en Gar\u00edn, partido de Escobar, acusado de asaltar a una anciana y abusar sexualmente de ella<\/p>\n\n\n\n<p>El operativo estuvo a cargo de personal de la DDI Z\u00e1rate-Campana, y al sujeto, apodado \u201cBosterito\u201d, le incautaron una pistola calibre 380, una r\u00e9plica de un arma similar, una escopeta tumbera y varios proyectiles.<\/p>\n\n\n\n<p>La captura se realiz\u00f3 durante un allanamiento a la vivienda del individuo, lugar en el que tambi\u00e9n hallaron la notebook y el radiograbador sustra\u00eddos a la v\u00edctima.<\/p>\n\n\n\n<p>El hecho ocurri\u00f3 tiempo atr\u00e1s cuando la mujer, de 73 a\u00f1os, se movilizaba por la esquina de Ayacucho y Buenos Aires de Gar\u00edn y fue sorprendida por el delincuente, quien a mano armada le rob\u00f3 sus pertenencias.<br>Tras ello, la oblig\u00f3 a ir hasta su vivienda, donde la despoj\u00f3 de otros elementos y abus\u00f3 sexualmente de ella.<\/p>\n\n\n\n<p>Interviene en la causa la UFI N\u00b0 4 descentralizada de Escobar, a cargo del Dr. Christian Jos\u00e9 Fabio, perteneciente al Departamento Judicial Z\u00e1rate-Campana.\u00a0<\/p>\n\n\n\n<p>Fuente: Enlace Critico<\/p>\n","protected":false},"excerpt":{"rendered":"<p>Un delincuente de 24 a\u00f1os qued\u00f3 detenido en las \u00faltimas horas en Gar\u00edn, partido de Escobar, acusado de asaltar a una anciana y abusar sexualmente de ella El operativo estuvo a cargo de personal de la DDI Z\u00e1rate-Campana, y al sujeto, apodado \u201cBosterito\u201d, le incautaron una pistola calibre 380, una r\u00e9plica de un arma similar, [&hellip;]<\/p>\n","protected":false},"author":4,"featured_media":55528,"comment_status":"open","ping_status":"closed","sticky":false,"template":"","format":"standard","meta":{"om_disable_all_campaigns":false,"_jetpack_memberships_contains_paid_content":false,"footnotes":""},"categories":[621],"tags":[],"class_list":["post-55527","post","type-post","status-publish","format-standard","has-post-thumbnail","hentry","category-regionales"],"aioseo_notices":[],"gutentor_comment":0,"jetpack_featured_media_url":"https:\/\/eldiariodesanpedro.com.ar\/sitio\/wp-content\/uploads\/2019\/07\/cdi-ddi-campana.jpg","jetpack_shortlink":"https:\/\/wp.me\/p6RhLt-erB","jetpack_sharing_enabled":true,"_links":{"self":[{"href":"https:\/\/eldiariodesanpedro.com.ar\/sitio\/wp-json\/wp\/v2\/posts\/55527","targetHints":{"allow":["GET"]}}],"collection":[{"href":"https:\/\/eldiariodesanpedro.com.ar\/sitio\/wp-json\/wp\/v2\/posts"}],"about":[{"href":"https:\/\/eldiariodesanpedro.com.ar\/sitio\/wp-json\/wp\/v2\/types\/post"}],"author":[{"embeddable":true,"href":"https:\/\/eldiariodesanpedro.com.ar\/sitio\/wp-json\/wp\/v2\/users\/4"}],"replies":[{"embeddable":true,"href":"https:\/\/eldiariodesanpedro.com.ar\/sitio\/wp-json\/wp\/v2\/comments?post=55527"}],"version-history":[{"count":1,"href":"https:\/\/eldiariodesanpedro.com.ar\/sitio\/wp-json\/wp\/v2\/posts\/55527\/revisions"}],"predecessor-version":[{"id":55529,"href":"https:\/\/eldiariodesanpedro.com.ar\/sitio\/wp-json\/wp\/v2\/posts\/55527\/revisions\/55529"}],"wp:featuredmedia":[{"embeddable":true,"href":"https:\/\/eldiariodesanpedro.com.ar\/sitio\/wp-json\/wp\/v2\/media\/55528"}],"wp:attachment":[{"href":"https:\/\/eldiariodesanpedro.com.ar\/sitio\/wp-json\/wp\/v2\/media?parent=55527"}],"wp:term":[{"taxonomy":"category","embeddable":true,"href":"https:\/\/eldiariodesanpedro.com.ar\/sitio\/wp-json\/wp\/v2\/categories?post=55527"},{"taxonomy":"post_tag","embeddable":true,"href":"https:\/\/eldiariodesanpedro.com.ar\/sitio\/wp-json\/wp\/v2\/tags?post=55527"}],"curies":[{"name":"wp","href":"https:\/\/api.w.org\/{rel}","templated":true}]}}