{"id":55524,"date":"2019-07-02T16:58:52","date_gmt":"2019-07-02T19:58:52","guid":{"rendered":"https:\/\/eldiariodesanpedro.com.ar\/sitio\/?p=55524"},"modified":"2019-07-02T16:58:59","modified_gmt":"2019-07-02T19:58:59","slug":"escobar-saquearon-la-mercaderia-del-camion-que-volco-en-la-panamericana","status":"publish","type":"post","link":"https:\/\/eldiariodesanpedro.com.ar\/sitio\/escobar-saquearon-la-mercaderia-del-camion-que-volco-en-la-panamericana\/","title":{"rendered":"ESCOBAR: Saquearon la mercader\u00eda del cami\u00f3n que volc\u00f3 en la Panamericana"},"content":{"rendered":"<!-- VideographyWP Plugin Message: Automatic video embedding prevented by plugin options. -->\n\n<p>Decenas de personas se acercaron hasta el kil\u00f3metro 52, donde perdi\u00f3 la vida el conductor del rodado, que transportaba alimentos. Una imagen dantesca, entre el oportunismo y la necesidad, sin importar la tragedia.<\/p>\n\n\n\n<p>Pocas horas despu\u00e9s del accidente que esta madrugada le cost\u00f3 la vida a un camionero, decenas de vecinos se acercaron hasta el lugar de la tragedia para saquear la carga del transporte, que qued\u00f3 volcada sobre la parquizaci\u00f3n de la autopista Panamericana, a la altura del kil\u00f3metro 52, en Loma Verde. Una imagen triste y bochornosa, que no tard\u00f3 en dar la vuelta al pa\u00eds.<\/p>\n\n\n\n<p>El&nbsp;siniestro vial&nbsp;ocurri\u00f3 alrededor de las 4.30, mano al norte (Provincia), cuando el camionero perdi\u00f3 el control del rodado y termin\u00f3 volcando sobre la valla de contenci\u00f3n. Poco despu\u00e9s se supo que el transporte habr\u00eda sido tocado en una rueda por un autom\u00f3vil, cuyo conductor intent\u00f3 darse a la fuga y abandon\u00f3 su veh\u00edculo a un kil\u00f3metro del accidente, pero fue detenido.<\/p>\n\n\n\n<p>El cami\u00f3n transportaba una carga de mercader\u00edas y art\u00edculos de primera necesidad, que qued\u00f3 volcada sobre la parquizaci\u00f3n de la carretera. Cuando la noticia trascendi\u00f3, decenas de vecinos se acercaron y se abalanzaron como pira\u00f1as para llevarse todo lo que pudieran entre sus brazos, en bolsas y hasta en changuitos. Tambi\u00e9n se sumaron al saqueo personas que pasaban circunstancialmente. A unos metros, en la cabina del cami\u00f3n, todav\u00eda estaba el cad\u00e1ver del conductor. La polic\u00eda no intervino.<\/p>\n\n\n\n<p>Una imagen penosa, entre la necesidad y el oportunismo, que no tard\u00f3 en dar la vuelta al pa\u00eds, a partir de la circulaci\u00f3n de fotos en las redes sociales y la presencia de m\u00f3viles de canales televisi\u00f3n que cubr\u00edan la tragedia. M\u00e1s tarde se supo tambi\u00e9n que hasta habr\u00edan robado la documentaci\u00f3n del conductor, incluyendo su DNI. Esto lo denunciaron allegados a la v\u00edctima, que se llamaba Cristian Avila, a trav\u00e9s de Facebook.<\/p>\n\n\n\n<p>No es la primera vez que una situaci\u00f3n de esta naturaleza se da en el partido de Escobar. En 2018, sin ir m\u00e1s lejos, hubo dos casos pr\u00e1cticamente simult\u00e1neos, tan o m\u00e1s dantescos.<\/p>\n\n\n\n<p>En Bel\u00e9n de Escobar, aprovechando el&nbsp;vuelco de un cami\u00f3n de ganado,&nbsp;un grupo de vecinos faen\u00f3 en plena calle las vacas que hab\u00edan quedado enjauladas. D\u00edas antes, en Maquinista Savio, un cami\u00f3n que llevaba gaseosas de segunda marca volc\u00f3 parte de su carga en una esquina y los transe\u00fantes se llevaron toda la mercader\u00eda. Indignado por las p\u00e9rdidas, el empleador despidi\u00f3 al conductor, pero al tomar notoriedad el caso lo reincorpor\u00f3.<\/p>\n\n\n\n<p>Desde la Secretar\u00eda de Seguridad del Municipio, en tanto, desmintieron que la mercader\u00eda del cami\u00f3n que volc\u00f3 esta ma\u00f1ana haya sido saqueada. \u201cEl due\u00f1o del cami\u00f3n pidi\u00f3 asistencia a algunos \u2018parroquianos\u2019 para que lo ayuden a trasbordar la carga que estaba en buenas condiciones, y la mercader\u00eda que estaba rota se lo regal\u00f3 a esa gente\u201d, expresaron a&nbsp;El D\u00eda de Escobar.&nbsp;Adem\u00e1s, aseguraron que \u201cGendarmer\u00eda estuvo supervisando en el lugar al igual que la gente de la autopista\u201d.<\/p>\n\n\n\n<p>Fuente: El D\u00eda de Escobar<\/p>\n","protected":false},"excerpt":{"rendered":"<p>Decenas de personas se acercaron hasta el kil\u00f3metro 52, donde perdi\u00f3 la vida el conductor del rodado, que transportaba alimentos. Una imagen dantesca, entre el oportunismo y la necesidad, sin importar la tragedia. Pocas horas despu\u00e9s del accidente que esta madrugada le cost\u00f3 la vida a un camionero, decenas de vecinos se acercaron hasta el [&hellip;]<\/p>\n","protected":false},"author":4,"featured_media":55525,"comment_status":"open","ping_status":"closed","sticky":false,"template":"","format":"standard","meta":{"om_disable_all_campaigns":false,"_jetpack_memberships_contains_paid_content":false,"footnotes":""},"categories":[621],"tags":[],"class_list":["post-55524","post","type-post","status-publish","format-standard","has-post-thumbnail","hentry","category-regionales"],"aioseo_notices":[],"gutentor_comment":0,"jetpack_featured_media_url":"https:\/\/eldiariodesanpedro.com.ar\/sitio\/wp-content\/uploads\/2019\/07\/sq.jpg","jetpack_shortlink":"https:\/\/wp.me\/p6RhLt-ery","jetpack_sharing_enabled":true,"_links":{"self":[{"href":"https:\/\/eldiariodesanpedro.com.ar\/sitio\/wp-json\/wp\/v2\/posts\/55524","targetHints":{"allow":["GET"]}}],"collection":[{"href":"https:\/\/eldiariodesanpedro.com.ar\/sitio\/wp-json\/wp\/v2\/posts"}],"about":[{"href":"https:\/\/eldiariodesanpedro.com.ar\/sitio\/wp-json\/wp\/v2\/types\/post"}],"author":[{"embeddable":true,"href":"https:\/\/eldiariodesanpedro.com.ar\/sitio\/wp-json\/wp\/v2\/users\/4"}],"replies":[{"embeddable":true,"href":"https:\/\/eldiariodesanpedro.com.ar\/sitio\/wp-json\/wp\/v2\/comments?post=55524"}],"version-history":[{"count":1,"href":"https:\/\/eldiariodesanpedro.com.ar\/sitio\/wp-json\/wp\/v2\/posts\/55524\/revisions"}],"predecessor-version":[{"id":55526,"href":"https:\/\/eldiariodesanpedro.com.ar\/sitio\/wp-json\/wp\/v2\/posts\/55524\/revisions\/55526"}],"wp:featuredmedia":[{"embeddable":true,"href":"https:\/\/eldiariodesanpedro.com.ar\/sitio\/wp-json\/wp\/v2\/media\/55525"}],"wp:attachment":[{"href":"https:\/\/eldiariodesanpedro.com.ar\/sitio\/wp-json\/wp\/v2\/media?parent=55524"}],"wp:term":[{"taxonomy":"category","embeddable":true,"href":"https:\/\/eldiariodesanpedro.com.ar\/sitio\/wp-json\/wp\/v2\/categories?post=55524"},{"taxonomy":"post_tag","embeddable":true,"href":"https:\/\/eldiariodesanpedro.com.ar\/sitio\/wp-json\/wp\/v2\/tags?post=55524"}],"curies":[{"name":"wp","href":"https:\/\/api.w.org\/{rel}","templated":true}]}}