{"id":55510,"date":"2019-07-02T13:13:13","date_gmt":"2019-07-02T16:13:13","guid":{"rendered":"https:\/\/eldiariodesanpedro.com.ar\/sitio\/?p=55510"},"modified":"2019-07-02T13:13:17","modified_gmt":"2019-07-02T16:13:17","slug":"descubre-en-san-pedro-un-condor-prehistorico-gigante","status":"publish","type":"post","link":"https:\/\/eldiariodesanpedro.com.ar\/sitio\/descubre-en-san-pedro-un-condor-prehistorico-gigante\/","title":{"rendered":"Descubre en San Pedro un c\u00f3ndor prehist\u00f3rico gigante"},"content":{"rendered":"<!-- VideographyWP Plugin Message: Automatic video embedding prevented by plugin options. -->\n\n<p>Fue hallado por el equipo del Museo Paleontol\u00f3gico \u201cFray Manuel de Torres\u201d y es m\u00e1s grande que el c\u00f3ndor andino actual<\/p>\n\n\n\n<p>Restos fosilizados de un c\u00f3ndor gigante que sobrevol\u00f3 la llanura pampeana en \u00e9pocas prehist\u00f3ricas fueron hallados a unos 12 kil\u00f3metros de la ciudad de San Pedro, provincia de Buenos Aires.<br>\nEl descubrimiento fue realizado por el Grupo Conservacionista de F\u00f3siles, equipo del Museo Paleontol\u00f3gico de San Pedro, en el establecimiento \u201cLa Paloma\u201d, un campo propiedad de la firma cerealera \u201cRam\u00f3n Rosa S.A.\u201d<br>\nUn grupo conformado por Jos\u00e9 Luis Aguilar, Julio Simonini, Javier Saucedo, Mat\u00edas Swistun, Bruno Zarlenga y Bruno Rolfo (que fue quien visualiz\u00f3 los primeros restos) dio con la gran ave en un corte de terreno producido por la erosi\u00f3n de las lluvias.<\/p>\n\n\n\n<p>La capa sedimentaria de la que proviene este c\u00f3ndor f\u00f3sil se deposit\u00f3 en la zona durante la edad Lujanense, en el Pleistoceno superior, en un lapso comprendido entre los 10.000 y los 140.000 a\u00f1os.<\/p>\n\n\n\n<p><strong>Primer registro de esta enorme ave prehist\u00f3rica<\/strong><br>El equipo del museo logr\u00f3 recuperar parte del c\u00fabito y del radio del ala derecha del animal. Estos huesos poseen caracter\u00edsticas particulares que permitieron su identificaci\u00f3n y su posterior comparaci\u00f3n con ejemplares de c\u00f3ndores adultos actuales. De estas comparaciones, se desprende que este c\u00f3ndor prehist\u00f3rico superaba notablemente en tama\u00f1o al c\u00f3ndor actual ya que el di\u00e1metro del c\u00fabito es marcadamente superior. <br> El c\u00f3ndor andino que hoy sobrevuela la cordillera es un ave que llega a la adultez reproductiva a los 6 a\u00f1os, aproximadamente; vive unos 70 a\u00f1os y posee una envergadura de alas que, en promedio, ronda los 3 metros. <br> Seg\u00fan los c\u00e1lculos basados en los f\u00f3siles del c\u00f3ndor hallado en San Pedro, \u00e9ste habr\u00eda medido unos 3,60 metros de envergadura, con un peso que rondar\u00eda los 18 a 20 kilogramos.<\/p>\n\n\n\n<p>Para el Dr. Federico Agnolin, del Laboratorio de Anatom\u00eda Comparada del Museo Argentino de Ciencias Naturales, \u201cse trata de una especie nueva de c\u00f3ndor extinto. No es el mismo c\u00f3ndor que habita hoy en d\u00eda, es una especie desconocida. Si bien son escasos los restos preservados y no se podr\u00e1 profundizar en la especie, es un hallazgo excepcional ya que quedar\u00e1 como el primer registro de un ave gigante desconocida que sobrevol\u00f3 la provincia de Buenos Aires a finales del Pleistoceno\u201d.<\/p>\n\n\n\n<p><strong>Un p\u00e1jaro gigante, su dieta y su ambiente<\/strong><br>Desde la Direcci\u00f3n del Museo de San Pedro, Jos\u00e9 Luis Aguilar, uno de los descubridores, comenta que \u201cjunto a los restos del c\u00f3ndor gigante, se hall\u00f3 el maxilar superior de un peque\u00f1o pecar\u00ed y parte de la pelvis de una tortuga. Creemos que estos dos animales fueron parte de la dieta del gran p\u00e1jaro y esperamos confirmarlo cuando se terminen de analizar los restos bajo el microscopio. Vemos que la superficie de los restos del pecar\u00ed y la tortuga difiere en aspecto con la de los huesos del c\u00f3ndor, por lo que creemos que ha sido erosionada por los jugos g\u00e1stricos del ave. De confirmarse, ser\u00eda la primera vez que se encuentra evidencia directa de las presas que serv\u00edan de alimento a estos grandes carro\u00f1eros prehist\u00f3ricos. Por la ubicaci\u00f3n en la que se hallaron vemos como hip\u00f3tesis m\u00e1s l\u00f3gica que los restos del pecar\u00ed y la tortuga fueron parte del contenido estomacal del animal\u201d.<br> En la identificaci\u00f3n de los restos de los dos animales hallados asociados al c\u00f3ndor, colaboraron el Dr. Nicol\u00e1s Chimento (MACN) y el Dr. Germ\u00e1n Gasparini (Museo de La Plata).<\/p>\n\n\n\n<p>Para Gasparini, \u201cSi bien en el caso de los pecar\u00edes, \u00e9stos habitan una gran variedad de ambientes, desde selvas y bosques hasta sabanas y desiertos, los estudios futuros que se puedan realizar sobre los restos, acotando la especie a la que pertenecieron, podr\u00edan ayudar a comprender el ambiente en el que se desenvolv\u00eda este c\u00f3ndor gigante; es decir que, en este caso, podr\u00edamos conocerlo mejor a trav\u00e9s de las preferencias clim\u00e1ticas de sus presas\u201d. <\/p>\n\n\n\n<p><strong>Un c\u00f3ndor gigante en el Museo<\/strong><br>La Municipalidad de San Pedro, en un gesto de reconocimiento a la tarea del Museo Paleontol\u00f3gico con este descubrimiento, ha obsequiado a la instituci\u00f3n, una recreaci\u00f3n a escala real del c\u00f3ndor gigante. La obra fue realizada por el paleoartista Miguel Lugo, de la ciudad de Ramallo y ya se encuentra colgada en la muestra permanente que ofrece el museo a sus visitantes.<br> La escultura, realizada a escala real, est\u00e1 trabajada pluma por pluma, moldeada en hierro poliuretano de alta densidad y terminada con aer\u00f3grafo para lograr los diferentes tonos. \u201cEs realmente impactante ver la recreaci\u00f3n de este animal \u00b4volando\u00b4 en el techo de la sala. Ah\u00ed tomamos conciencia de lo asombroso que hubiera sido poder ver a estas aves enormes desplaz\u00e1ndose por los cielos de la regi\u00f3n\u201d, comenta Ram\u00f3n Salazar, Secretario de Coordinaci\u00f3n del Municipio.<\/p>\n\n\n\n<figure class=\"wp-block-image\"><img decoding=\"async\" width=\"1024\" height=\"768\" data-attachment-id=\"55513\" data-permalink=\"https:\/\/eldiariodesanpedro.com.ar\/sitio\/descubre-en-san-pedro-un-condor-prehistorico-gigante\/img_20190519_160335\/\" data-orig-file=\"https:\/\/eldiariodesanpedro.com.ar\/sitio\/wp-content\/uploads\/2019\/07\/IMG_20190519_160335.jpg\" data-orig-size=\"1280,960\" data-comments-opened=\"1\" data-image-meta=\"{&quot;aperture&quot;:&quot;0&quot;,&quot;credit&quot;:&quot;&quot;,&quot;camera&quot;:&quot;&quot;,&quot;caption&quot;:&quot;&quot;,&quot;created_timestamp&quot;:&quot;0&quot;,&quot;copyright&quot;:&quot;&quot;,&quot;focal_length&quot;:&quot;0&quot;,&quot;iso&quot;:&quot;0&quot;,&quot;shutter_speed&quot;:&quot;0&quot;,&quot;title&quot;:&quot;&quot;,&quot;orientation&quot;:&quot;0&quot;}\" data-image-title=\"IMG_20190519_160335\" data-image-description=\"\" data-image-caption=\"\" data-large-file=\"https:\/\/eldiariodesanpedro.com.ar\/sitio\/wp-content\/uploads\/2019\/07\/IMG_20190519_160335-1024x768.jpg\" data-src=\"https:\/\/eldiariodesanpedro.com.ar\/sitio\/wp-content\/uploads\/2019\/07\/IMG_20190519_160335-1024x768.jpg\" alt=\"\" class=\"wp-image-55513 lazyload\" data-srcset=\"https:\/\/eldiariodesanpedro.com.ar\/sitio\/wp-content\/uploads\/2019\/07\/IMG_20190519_160335-1024x768.jpg 1024w, https:\/\/eldiariodesanpedro.com.ar\/sitio\/wp-content\/uploads\/2019\/07\/IMG_20190519_160335-300x225.jpg 300w, https:\/\/eldiariodesanpedro.com.ar\/sitio\/wp-content\/uploads\/2019\/07\/IMG_20190519_160335-768x576.jpg 768w, https:\/\/eldiariodesanpedro.com.ar\/sitio\/wp-content\/uploads\/2019\/07\/IMG_20190519_160335.jpg 1280w\" data-sizes=\"(max-width: 1024px) 100vw, 1024px\" src=\"data:image\/svg+xml;base64,PHN2ZyB3aWR0aD0iMSIgaGVpZ2h0PSIxIiB4bWxucz0iaHR0cDovL3d3dy53My5vcmcvMjAwMC9zdmciPjwvc3ZnPg==\" style=\"--smush-placeholder-width: 1024px; --smush-placeholder-aspect-ratio: 1024\/768;\" \/><\/figure>\n\n\n\n<figure class=\"wp-block-image\"><img decoding=\"async\" width=\"768\" height=\"1024\" data-attachment-id=\"55514\" data-permalink=\"https:\/\/eldiariodesanpedro.com.ar\/sitio\/descubre-en-san-pedro-un-condor-prehistorico-gigante\/img-20190612-wa0020\/\" data-orig-file=\"https:\/\/eldiariodesanpedro.com.ar\/sitio\/wp-content\/uploads\/2019\/07\/IMG-20190612-WA0020.jpg\" data-orig-size=\"960,1280\" data-comments-opened=\"1\" data-image-meta=\"{&quot;aperture&quot;:&quot;0&quot;,&quot;credit&quot;:&quot;&quot;,&quot;camera&quot;:&quot;&quot;,&quot;caption&quot;:&quot;&quot;,&quot;created_timestamp&quot;:&quot;0&quot;,&quot;copyright&quot;:&quot;&quot;,&quot;focal_length&quot;:&quot;0&quot;,&quot;iso&quot;:&quot;0&quot;,&quot;shutter_speed&quot;:&quot;0&quot;,&quot;title&quot;:&quot;&quot;,&quot;orientation&quot;:&quot;0&quot;}\" data-image-title=\"IMG-20190612-WA0020\" data-image-description=\"\" data-image-caption=\"\" data-large-file=\"https:\/\/eldiariodesanpedro.com.ar\/sitio\/wp-content\/uploads\/2019\/07\/IMG-20190612-WA0020-768x1024.jpg\" data-src=\"https:\/\/eldiariodesanpedro.com.ar\/sitio\/wp-content\/uploads\/2019\/07\/IMG-20190612-WA0020-768x1024.jpg\" alt=\"\" class=\"wp-image-55514 lazyload\" data-srcset=\"https:\/\/eldiariodesanpedro.com.ar\/sitio\/wp-content\/uploads\/2019\/07\/IMG-20190612-WA0020-768x1024.jpg 768w, https:\/\/eldiariodesanpedro.com.ar\/sitio\/wp-content\/uploads\/2019\/07\/IMG-20190612-WA0020-225x300.jpg 225w, https:\/\/eldiariodesanpedro.com.ar\/sitio\/wp-content\/uploads\/2019\/07\/IMG-20190612-WA0020.jpg 960w\" data-sizes=\"(max-width: 768px) 100vw, 768px\" src=\"data:image\/svg+xml;base64,PHN2ZyB3aWR0aD0iMSIgaGVpZ2h0PSIxIiB4bWxucz0iaHR0cDovL3d3dy53My5vcmcvMjAwMC9zdmciPjwvc3ZnPg==\" style=\"--smush-placeholder-width: 768px; --smush-placeholder-aspect-ratio: 768\/1024;\" \/><\/figure>\n\n\n\n<figure class=\"wp-block-image\"><img decoding=\"async\" width=\"1024\" height=\"900\" data-attachment-id=\"55515\" data-permalink=\"https:\/\/eldiariodesanpedro.com.ar\/sitio\/descubre-en-san-pedro-un-condor-prehistorico-gigante\/volantin\/\" data-orig-file=\"https:\/\/eldiariodesanpedro.com.ar\/sitio\/wp-content\/uploads\/2019\/07\/VOLANTIN.jpg\" data-orig-size=\"1368,1202\" data-comments-opened=\"1\" data-image-meta=\"{&quot;aperture&quot;:&quot;0&quot;,&quot;credit&quot;:&quot;&quot;,&quot;camera&quot;:&quot;&quot;,&quot;caption&quot;:&quot;&quot;,&quot;created_timestamp&quot;:&quot;0&quot;,&quot;copyright&quot;:&quot;&quot;,&quot;focal_length&quot;:&quot;0&quot;,&quot;iso&quot;:&quot;0&quot;,&quot;shutter_speed&quot;:&quot;0&quot;,&quot;title&quot;:&quot;&quot;,&quot;orientation&quot;:&quot;0&quot;}\" data-image-title=\"VOLANTIN\" data-image-description=\"\" data-image-caption=\"\" data-large-file=\"https:\/\/eldiariodesanpedro.com.ar\/sitio\/wp-content\/uploads\/2019\/07\/VOLANTIN-1024x900.jpg\" data-src=\"https:\/\/eldiariodesanpedro.com.ar\/sitio\/wp-content\/uploads\/2019\/07\/VOLANTIN-1024x900.jpg\" alt=\"\" class=\"wp-image-55515 lazyload\" data-srcset=\"https:\/\/eldiariodesanpedro.com.ar\/sitio\/wp-content\/uploads\/2019\/07\/VOLANTIN-1024x900.jpg 1024w, https:\/\/eldiariodesanpedro.com.ar\/sitio\/wp-content\/uploads\/2019\/07\/VOLANTIN-300x264.jpg 300w, https:\/\/eldiariodesanpedro.com.ar\/sitio\/wp-content\/uploads\/2019\/07\/VOLANTIN-768x675.jpg 768w, https:\/\/eldiariodesanpedro.com.ar\/sitio\/wp-content\/uploads\/2019\/07\/VOLANTIN.jpg 1368w\" data-sizes=\"(max-width: 1024px) 100vw, 1024px\" src=\"data:image\/svg+xml;base64,PHN2ZyB3aWR0aD0iMSIgaGVpZ2h0PSIxIiB4bWxucz0iaHR0cDovL3d3dy53My5vcmcvMjAwMC9zdmciPjwvc3ZnPg==\" style=\"--smush-placeholder-width: 1024px; --smush-placeholder-aspect-ratio: 1024\/900;\" \/><\/figure>\n","protected":false},"excerpt":{"rendered":"<p>Fue hallado por el equipo del Museo Paleontol\u00f3gico \u201cFray Manuel de Torres\u201d y es m\u00e1s grande que el c\u00f3ndor andino actual Restos fosilizados de un c\u00f3ndor gigante que sobrevol\u00f3 la llanura pampeana en \u00e9pocas prehist\u00f3ricas fueron hallados a unos 12 kil\u00f3metros de la ciudad de San Pedro, provincia de Buenos Aires. El descubrimiento fue realizado [&hellip;]<\/p>\n","protected":false},"author":4,"featured_media":55511,"comment_status":"open","ping_status":"closed","sticky":false,"template":"","format":"standard","meta":{"om_disable_all_campaigns":false,"_jetpack_memberships_contains_paid_content":false,"footnotes":""},"categories":[50,101,2],"tags":[],"class_list":["post-55510","post","type-post","status-publish","format-standard","has-post-thumbnail","hentry","category-destacadas","category-interes-general-locales","category-locales"],"aioseo_notices":[],"gutentor_comment":0,"jetpack_featured_media_url":"https:\/\/eldiariodesanpedro.com.ar\/sitio\/wp-content\/uploads\/2019\/07\/20190626_170438.jpg","jetpack_shortlink":"https:\/\/wp.me\/p6RhLt-erk","jetpack_sharing_enabled":true,"_links":{"self":[{"href":"https:\/\/eldiariodesanpedro.com.ar\/sitio\/wp-json\/wp\/v2\/posts\/55510","targetHints":{"allow":["GET"]}}],"collection":[{"href":"https:\/\/eldiariodesanpedro.com.ar\/sitio\/wp-json\/wp\/v2\/posts"}],"about":[{"href":"https:\/\/eldiariodesanpedro.com.ar\/sitio\/wp-json\/wp\/v2\/types\/post"}],"author":[{"embeddable":true,"href":"https:\/\/eldiariodesanpedro.com.ar\/sitio\/wp-json\/wp\/v2\/users\/4"}],"replies":[{"embeddable":true,"href":"https:\/\/eldiariodesanpedro.com.ar\/sitio\/wp-json\/wp\/v2\/comments?post=55510"}],"version-history":[{"count":1,"href":"https:\/\/eldiariodesanpedro.com.ar\/sitio\/wp-json\/wp\/v2\/posts\/55510\/revisions"}],"predecessor-version":[{"id":55516,"href":"https:\/\/eldiariodesanpedro.com.ar\/sitio\/wp-json\/wp\/v2\/posts\/55510\/revisions\/55516"}],"wp:featuredmedia":[{"embeddable":true,"href":"https:\/\/eldiariodesanpedro.com.ar\/sitio\/wp-json\/wp\/v2\/media\/55511"}],"wp:attachment":[{"href":"https:\/\/eldiariodesanpedro.com.ar\/sitio\/wp-json\/wp\/v2\/media?parent=55510"}],"wp:term":[{"taxonomy":"category","embeddable":true,"href":"https:\/\/eldiariodesanpedro.com.ar\/sitio\/wp-json\/wp\/v2\/categories?post=55510"},{"taxonomy":"post_tag","embeddable":true,"href":"https:\/\/eldiariodesanpedro.com.ar\/sitio\/wp-json\/wp\/v2\/tags?post=55510"}],"curies":[{"name":"wp","href":"https:\/\/api.w.org\/{rel}","templated":true}]}}