{"id":55508,"date":"2019-07-02T12:37:49","date_gmt":"2019-07-02T15:37:49","guid":{"rendered":"https:\/\/eldiariodesanpedro.com.ar\/sitio\/?p=55508"},"modified":"2019-07-02T12:37:53","modified_gmt":"2019-07-02T15:37:53","slug":"se-detuvo-a-un-delincuente-por-un-robo-ocurrido-el-fin-de-semana","status":"publish","type":"post","link":"https:\/\/eldiariodesanpedro.com.ar\/sitio\/se-detuvo-a-un-delincuente-por-un-robo-ocurrido-el-fin-de-semana\/","title":{"rendered":"Se detuvo a un delincuente por un robo ocurrido el fin de semana"},"content":{"rendered":"<!-- VideographyWP Plugin Message: Automatic video embedding prevented by plugin options. -->\n\n<p>El Personal del Gabinete Criminol\u00f3gico de la comisar\u00eda local, tras realizadas tareas investigativas de datos recogidos y testimonios recabados logr\u00f3 establecer fehacientemente autor\u00eda de un hecho ocurrido en las primeras horas del sabado pasado, cuando a un joven de 21 a\u00f1os de edad, en inmediaciones del barrio Villa Igoillo tres delincuentes sustrajeron su campera y zapatillas. <\/p>\n\n\n\n<p>Tras el hecho se realiz\u00f3 un allanamiento y detenci\u00f3n extendido por la justicia ordinaria en un domicilio de calle Molina S\/N sobre v\u00edas ferrocarril, donde se logr\u00f3 la detenci\u00f3n de un imputado masculino de 28 a\u00f1os de edad que cuenta con  frondosos antecedentes. <\/p>\n\n\n\n<p>Con respecto a los efectos sustra\u00eddos, no se logr\u00f3 su secuestro, por su parte el detenido, permanece en la comisar\u00eda imputado por el delito de robo agravado.<\/p>\n","protected":false},"excerpt":{"rendered":"<p>El Personal del Gabinete Criminol\u00f3gico de la comisar\u00eda local, tras realizadas tareas investigativas de datos recogidos y testimonios recabados logr\u00f3 establecer fehacientemente autor\u00eda de un hecho ocurrido en las primeras horas del sabado pasado, cuando a un joven de 21 a\u00f1os de edad, en inmediaciones del barrio Villa Igoillo tres delincuentes sustrajeron su campera y [&hellip;]<\/p>\n","protected":false},"author":4,"featured_media":31829,"comment_status":"open","ping_status":"closed","sticky":false,"template":"","format":"standard","meta":{"om_disable_all_campaigns":false,"_jetpack_memberships_contains_paid_content":false,"footnotes":""},"categories":[2,103],"tags":[],"class_list":["post-55508","post","type-post","status-publish","format-standard","has-post-thumbnail","hentry","category-locales","category-policiales-locales"],"aioseo_notices":[],"gutentor_comment":0,"jetpack_featured_media_url":"https:\/\/eldiariodesanpedro.com.ar\/sitio\/wp-content\/uploads\/2018\/04\/detenido_658x400_0.jpg","jetpack_shortlink":"https:\/\/wp.me\/p6RhLt-eri","jetpack_sharing_enabled":true,"_links":{"self":[{"href":"https:\/\/eldiariodesanpedro.com.ar\/sitio\/wp-json\/wp\/v2\/posts\/55508","targetHints":{"allow":["GET"]}}],"collection":[{"href":"https:\/\/eldiariodesanpedro.com.ar\/sitio\/wp-json\/wp\/v2\/posts"}],"about":[{"href":"https:\/\/eldiariodesanpedro.com.ar\/sitio\/wp-json\/wp\/v2\/types\/post"}],"author":[{"embeddable":true,"href":"https:\/\/eldiariodesanpedro.com.ar\/sitio\/wp-json\/wp\/v2\/users\/4"}],"replies":[{"embeddable":true,"href":"https:\/\/eldiariodesanpedro.com.ar\/sitio\/wp-json\/wp\/v2\/comments?post=55508"}],"version-history":[{"count":1,"href":"https:\/\/eldiariodesanpedro.com.ar\/sitio\/wp-json\/wp\/v2\/posts\/55508\/revisions"}],"predecessor-version":[{"id":55509,"href":"https:\/\/eldiariodesanpedro.com.ar\/sitio\/wp-json\/wp\/v2\/posts\/55508\/revisions\/55509"}],"wp:featuredmedia":[{"embeddable":true,"href":"https:\/\/eldiariodesanpedro.com.ar\/sitio\/wp-json\/wp\/v2\/media\/31829"}],"wp:attachment":[{"href":"https:\/\/eldiariodesanpedro.com.ar\/sitio\/wp-json\/wp\/v2\/media?parent=55508"}],"wp:term":[{"taxonomy":"category","embeddable":true,"href":"https:\/\/eldiariodesanpedro.com.ar\/sitio\/wp-json\/wp\/v2\/categories?post=55508"},{"taxonomy":"post_tag","embeddable":true,"href":"https:\/\/eldiariodesanpedro.com.ar\/sitio\/wp-json\/wp\/v2\/tags?post=55508"}],"curies":[{"name":"wp","href":"https:\/\/api.w.org\/{rel}","templated":true}]}}